{"id":200916,"date":"2025-06-24T14:26:08","date_gmt":"2025-06-24T14:26:08","guid":{"rendered":"https:\/\/www.europesays.com\/fr\/200916\/"},"modified":"2025-06-24T14:26:08","modified_gmt":"2025-06-24T14:26:08","slug":"le-milliardaire-xavier-niel-fait-ses-emplettes-en-rachetant-le-bhv-lhomme-aux-galeries-lafayette","status":"publish","type":"post","link":"https:\/\/www.europesays.com\/fr\/200916\/","title":{"rendered":"le milliardaire Xavier Niel fait ses emplettes en rachetant le BHV L&rsquo;Homme aux Galeries Lafayette"},"content":{"rendered":"<p>            Par<br \/>\n        <strong><br \/>\n            <a href=\"https:\/\/actu.fr\/auteur\/julie-bossart-actu-fr\" title=\"Consulter tous les articles de Julie Bossart\" target=\"_blank\" rel=\"noopener\">Julie Bossart<\/a><br \/>\n        <\/strong><\/p>\n<p>        Publi\u00e9 le<\/p>\n<p>            24 juin 2025 \u00e0 16h19        <\/p>\n<p>Un nouveau propri\u00e9taire pour le BHV L\u2019Homme, \u00e0 <a href=\"https:\/\/actu.fr\/paris\/dernieres-actus\" target=\"_blank\" rel=\"noopener\">Paris<\/a>. Ce mardi 24 juin 2025, le groupe Galeries Lafayette a annonc\u00e9 avoir c\u00e9d\u00e9 le b\u00e2timent situ\u00e9 36, rue de la Verrerie, dans le 4e arrondissement, \u00e0 NJJ Verrerie, a appris actu, confirmant une information de <a href=\"https:\/\/www.businessimmo.com\/actualites\/article\/1184557407\/xavier-niel-sempare-des-murs-du-bhv-lhomme\" target=\"_blank\" rel=\"noopener\">Business Immo<\/a>. Derri\u00e8re cette soci\u00e9t\u00e9, la NJJ Holding, contr\u00f4l\u00e9e par <a href=\"https:\/\/actu.fr\/ile-de-france\/creteil_94028\/j-ai-grandi-ici-et-j-en-suis-fier-le-milliardaire-xavier-niel-va-racheter-le-club-de-football-de-creteil_62584247.html\" target=\"_blank\" rel=\"noopener\">Xavier Niel<\/a>. Le montant de la transaction n\u2019a pas \u00e9t\u00e9 \u00e9voqu\u00e9.<\/p>\n<p>Quel avenir pour l\u2019offre homme ?\u00a0<\/p>\n<p class=\" wall-content\">L\u2019homme d\u2019affaires et fondateur de Free s\u2019empare donc les murs du magasin de plus de 8\u2009500\u00a0m2, qui prend place au c\u0153ur du Marais, juste derri\u00e8re le b\u00e2timent principal du BHV. Une nouvelle prise d\u2019envergure pour le milliardaire, dont le portefeuille immobilier est bien \u00e9pais. Dans la capitale et la r\u00e9gion, Xavier Niel d\u00e9tient d\u00e9j\u00e0 des h\u00f4tels particuliers et une partie, via sa participation \u00e0 Unibail-Rodamco-Westfield, du Carrousel du Louvre, du Forum des Halles, de la future<a href=\"https:\/\/actu.fr\/ile-de-france\/paris_75056\/paris-un-nouvel-etage-tous-les-huit-jours-la-tour-triangle-s-eleve-sous-les-yeux-atterres-des-riverains_60936605.html\" target=\"_blank\" rel=\"noopener\"> tour Triangle<\/a>\u2026<\/p>\n<p class=\" wall-content\">Difficile \u00e0 l\u2019heure actuelle de savoir ce que deviendra l\u2019offre homme du BHV et ce que compte en faire exactement Xavier Niel.<\/p>\n<p class=\" wall-content\">En d\u00e9but d\u2019ann\u00e9e, la Soci\u00e9t\u00e9 des Grands Magasins (SGM), nouveau <a href=\"https:\/\/actu.fr\/ile-de-france\/paris_75056\/paris-les-galeries-lafayette-vendent-l-emblematique-magasin-bhv-marais_57431922.html\" target=\"_blank\" rel=\"noopener\">repreneur du Bazar de l\u2019H\u00f4tel de Ville<\/a>, indiquait dans un communiqu\u00e9 que \u00ab\u2009des pistes [\u00e9taient] \u00e9tudi\u00e9es\u2009\u00bb. En avril, le nouveau directeur du grand magasin de la rue de Rivoli, Karl-St\u00e9phane Cottendin, nous indiquait vouloir le refonder afin d\u2019<a href=\"https:\/\/actu.fr\/ile-de-france\/paris_75056\/un-nouveau-modele-pour-le-bhv-comment-le-magasin-veut-faire-revenir-les-clients-rue-de-rivoli-a-paris_62484767.html\" target=\"_blank\" rel=\"noopener\">y ramener les clients<\/a>, apr\u00e8s des ann\u00e9es de difficult\u00e9s financi\u00e8res. Plus r\u00e9cemment, la SGM annon\u00e7ait avoir engag\u00e9 avec la Banque des Territoires \u00ab\u2009des n\u00e9gociations exclusives en vue de l\u2019acquisition des murs\u2009\u00bb et d\u00e9taillait les contours de cette <a href=\"https:\/\/actu.fr\/ile-de-france\/paris_75056\/paris-salle-de-sport-marche-alimentaire-a-quoi-pourrait-ressembler-le-nouveau-bhv-marais_62786226.html\" target=\"_blank\" rel=\"noopener\">m\u00e9tamorphose (salle de sport, march\u00e9 alimentaire\u2026)<\/a> sans jamais aborder le rayon homme.<\/p>\n<p class=\" wall-content\">Suivez toute l\u2019actualit\u00e9 de vos villes et m\u00e9dias favoris en vous inscrivant \u00e0 <a href=\"https:\/\/moncompte.actu.fr\" title=\"D\u00e9couvez Mon Actu\" rel=\"nofollow noopener\" data-trk=\"{&quot;cta&quot;:{&quot;action&quot;:&quot;https:\\\/\\\/moncompte.actu.fr&quot;,&quot;category&quot;:&quot;mon compte&quot;,&quot;from&quot;:&quot;article footer&quot;,&quot;name&quot;:&quot;Mon actu&quot;,&quot;type&quot;:&quot;cta&quot;}}\" target=\"_blank\">Mon Actu<\/a>.<\/p>\n","protected":false},"excerpt":{"rendered":"Par Julie Bossart Publi\u00e9 le 24 juin 2025 \u00e0 16h19 Un nouveau propri\u00e9taire pour le BHV L\u2019Homme, \u00e0&hellip;\n","protected":false},"author":2,"featured_media":200917,"comment_status":"","ping_status":"","sticky":false,"template":"","format":"standard","meta":{"footnotes":""},"categories":[1888],"tags":[11,4753,215,130,1777,674,1011,27,12,626,25,104],"class_list":{"0":"post-200916","1":"post","2":"type-post","3":"status-publish","4":"format-standard","5":"has-post-thumbnail","7":"category-paris","8":"tag-actualites","9":"tag-bhv","10":"tag-commerce","11":"tag-consommation","12":"tag-eu","13":"tag-europe","14":"tag-fr","15":"tag-france","16":"tag-news","17":"tag-paris","18":"tag-republique-francaise","19":"tag-societe"},"share_on_mastodon":{"url":"https:\/\/pubeurope.com\/@fr\/114738809085264258","error":""},"_links":{"self":[{"href":"https:\/\/www.europesays.com\/fr\/wp-json\/wp\/v2\/posts\/200916","targetHints":{"allow":["GET"]}}],"collection":[{"href":"https:\/\/www.europesays.com\/fr\/wp-json\/wp\/v2\/posts"}],"about":[{"href":"https:\/\/www.europesays.com\/fr\/wp-json\/wp\/v2\/types\/post"}],"author":[{"embeddable":true,"href":"https:\/\/www.europesays.com\/fr\/wp-json\/wp\/v2\/users\/2"}],"replies":[{"embeddable":true,"href":"https:\/\/www.europesays.com\/fr\/wp-json\/wp\/v2\/comments?post=200916"}],"version-history":[{"count":0,"href":"https:\/\/www.europesays.com\/fr\/wp-json\/wp\/v2\/posts\/200916\/revisions"}],"wp:featuredmedia":[{"embeddable":true,"href":"https:\/\/www.europesays.com\/fr\/wp-json\/wp\/v2\/media\/200917"}],"wp:attachment":[{"href":"https:\/\/www.europesays.com\/fr\/wp-json\/wp\/v2\/media?parent=200916"}],"wp:term":[{"taxonomy":"category","embeddable":true,"href":"https:\/\/www.europesays.com\/fr\/wp-json\/wp\/v2\/categories?post=200916"},{"taxonomy":"post_tag","embeddable":true,"href":"https:\/\/www.europesays.com\/fr\/wp-json\/wp\/v2\/tags?post=200916"}],"curies":[{"name":"wp","href":"https:\/\/api.w.org\/{rel}","templated":true}]}}