{"id":200918,"date":"2025-06-24T14:27:09","date_gmt":"2025-06-24T14:27:09","guid":{"rendered":"https:\/\/www.europesays.com\/fr\/200918\/"},"modified":"2025-06-24T14:27:09","modified_gmt":"2025-06-24T14:27:09","slug":"moscou-boucle-lenquete-et-accuse-toujours-kiev","status":"publish","type":"post","link":"https:\/\/www.europesays.com\/fr\/200918\/","title":{"rendered":"Moscou boucle l\u2019enqu\u00eate et accuse toujours Kiev"},"content":{"rendered":"\n<p>L\u2019attaque, revendiqu\u00e9e par l\u2019organisation \u00c9tat islamique, avait fait 149\u00a0morts et plus de 600\u00a0bless\u00e9s. Un peu plus d\u2019un an apr\u00e8s l\u2019attentat sanglant du 22\u00a0mars\u00a02024 dans la salle de concert du Crocus City Hall, \u00e0 Krasnogorsk, en banlieue de Moscou, l\u2019enqu\u00eate est officiellement close. La porte-parole du Comit\u00e9 d\u2019enqu\u00eate russe, Svetlana Petrenko, a annonc\u00e9 le 23\u00a0juin que le dossier avait \u00e9t\u00e9 transmis au parquet, <a class=\"ithalc\" data-ithal=\"lien_externe\" data-ithalc=\"[nav_article]\" target=\"_blank\" href=\"https:\/\/www.vedomosti.ru\/society\/articles\/2025\/06\/23\/1119406-sk-zavershil-rassledovanie\" rel=\"noopener\">relate le site \u00e9conomique russe <strong>Vedomosti<\/strong><\/a><strong>.<\/strong><\/p>\n<p>La porte-parole a affirm\u00e9 que ce crime avait \u201c\u00e9t\u00e9 planifi\u00e9 et commis dans l\u2019int\u00e9r\u00eat des autorit\u00e9s de l\u2019Ukraine\u201d, dans le but de \u201cd\u00e9stabiliser la situation politique en Russie\u201d. Une accusation non \u00e9tay\u00e9e, <a class=\"ithalc\" data-ithal=\"lien_externe\" data-ithalc=\"[nav_article]\" target=\"_blank\" href=\"https:\/\/www.svoboda.org\/a\/skr-terakt-v-krokuse-sovershyon-v-interesah-rukovodstva-ukrainy-\/33452595.html\" rel=\"noopener\">souligne <strong>Radio Svoboda<\/strong><\/a><strong>,<\/strong> qui note que \u201cle Comit\u00e9 d\u2019enqu\u00eate ne pr\u00e9cise pas sur quels \u00e9l\u00e9ments de preuve il fonde ses accusations\u201d contre le gouvernement ukrainien.<\/p>\n<p> Suspects tadjiks <\/p>\n<p>Au total, 19\u00a0personnes sont poursuivies, soup\u00e7onn\u00e9es d\u2019avoir particip\u00e9 \u00e0 l\u2019organisation de l\u2019attentat au sein de la cellule Vilayat Khorassan, affili\u00e9e \u00e0 l\u2019organisation \u00c9tat islamique, poursuit Vedomosti. Certains auraient \u00e9t\u00e9 form\u00e9s \u00e0 l\u2019\u00e9tranger, tandis que d\u2019autres auraient transport\u00e9 juste avant l\u2019attaque les armes jusqu\u2019\u00e0 Moscou depuis Kaspiisk, dans la r\u00e9publique russe du Daghestan (Caucase).<\/p>\n<p><a class=\"ithalc\" data-ithal=\"lien_externe\" data-ithalc=\"[nav_article]\" target=\"_blank\" href=\"https:\/\/theins.ru\/news\/282408\" rel=\"noopener\"><strong>The Insi<\/strong><\/a><\/p>\n","protected":false},"excerpt":{"rendered":"L\u2019attaque, revendiqu\u00e9e par l\u2019organisation \u00c9tat islamique, avait fait 149\u00a0morts et plus de 600\u00a0bless\u00e9s. Un peu plus d\u2019un an&hellip;\n","protected":false},"author":2,"featured_media":200919,"comment_status":"","ping_status":"","sticky":false,"template":"","format":"standard","meta":{"footnotes":""},"categories":[1591],"tags":[11,674,1887,1892,131,12,1885,1886,132,1857,1254,34045,34044,220],"class_list":{"0":"post-200918","1":"post","2":"type-post","3":"status-publish","4":"format-standard","5":"has-post-thumbnail","7":"category-russie","8":"tag-actualites","9":"tag-europe","10":"tag-federation-de-russie","11":"tag-gu00e9opolitique","12":"tag-guerre-en-ukraine","13":"tag-news","14":"tag-russia","15":"tag-russian-federation","16":"tag-russie","17":"tag-sociu00e9tu00e9","18":"tag-terrorisme","19":"tag-terrorisme-islamiste","20":"tag-u00e9tat-islamique-daech","21":"tag-ukraine"},"share_on_mastodon":{"url":"https:\/\/pubeurope.com\/@fr\/114738812929164153","error":""},"_links":{"self":[{"href":"https:\/\/www.europesays.com\/fr\/wp-json\/wp\/v2\/posts\/200918","targetHints":{"allow":["GET"]}}],"collection":[{"href":"https:\/\/www.europesays.com\/fr\/wp-json\/wp\/v2\/posts"}],"about":[{"href":"https:\/\/www.europesays.com\/fr\/wp-json\/wp\/v2\/types\/post"}],"author":[{"embeddable":true,"href":"https:\/\/www.europesays.com\/fr\/wp-json\/wp\/v2\/users\/2"}],"replies":[{"embeddable":true,"href":"https:\/\/www.europesays.com\/fr\/wp-json\/wp\/v2\/comments?post=200918"}],"version-history":[{"count":0,"href":"https:\/\/www.europesays.com\/fr\/wp-json\/wp\/v2\/posts\/200918\/revisions"}],"wp:featuredmedia":[{"embeddable":true,"href":"https:\/\/www.europesays.com\/fr\/wp-json\/wp\/v2\/media\/200919"}],"wp:attachment":[{"href":"https:\/\/www.europesays.com\/fr\/wp-json\/wp\/v2\/media?parent=200918"}],"wp:term":[{"taxonomy":"category","embeddable":true,"href":"https:\/\/www.europesays.com\/fr\/wp-json\/wp\/v2\/categories?post=200918"},{"taxonomy":"post_tag","embeddable":true,"href":"https:\/\/www.europesays.com\/fr\/wp-json\/wp\/v2\/tags?post=200918"}],"curies":[{"name":"wp","href":"https:\/\/api.w.org\/{rel}","templated":true}]}}