{"id":200923,"date":"2025-06-24T14:30:11","date_gmt":"2025-06-24T14:30:11","guid":{"rendered":"https:\/\/www.europesays.com\/fr\/200923\/"},"modified":"2025-06-24T14:30:11","modified_gmt":"2025-06-24T14:30:11","slug":"deux-ours-sechappent-de-leur-enclos-et-se-regalent-dune-reserve-de-miel","status":"publish","type":"post","link":"https:\/\/www.europesays.com\/fr\/200923\/","title":{"rendered":"deux ours s&rsquo;\u00e9chappent de leur enclos et se r\u00e9galent d&rsquo;une r\u00e9serve de miel"},"content":{"rendered":"<p>Deux jeunes ours se sont \u00e9chapp\u00e9s lundi de leur enclos dans un zoo du sud de l&rsquo;Angleterre, pour se ruer sur une r\u00e9serve de miel stock\u00e9e \u00e0 proximit\u00e9, obligeant le public \u00e0 se replier dans un b\u00e2timent s\u00e9curis\u00e9, a indiqu\u00e9 mardi l&rsquo;\u00e9tablissement.<\/p>\n<p>Mish et Lucy, deux oursons de quatre ans, \u00ab\u00a0se sont \u00e9chapp\u00e9s de leur enclos hier (lundi) (&#8230;) et ont fonc\u00e9 tout droit vers leur r\u00e9serve de nourriture\u00a0\u00bb, a indiqu\u00e9 un porte-parole du Wildwood Devon.<\/p>\n<p>Les deux animaux \u00ab\u00a0se sont r\u00e9gal\u00e9s de diff\u00e9rents produits, dont l&rsquo;\u00e9quivalent de leur consommation de miel sur une semaine, avant d&rsquo;\u00eatre raccompagn\u00e9s moins d&rsquo;une heure plus tard en toute s\u00e9curit\u00e9 vers leur enclos\u00a0\u00bb par les professionnels de l&rsquo;\u00e9tablissement.<\/p>\n<p>\u00ab\u00a0A aucun moment, ils n&rsquo;ont repr\u00e9sent\u00e9 une menace pour le public\u00a0\u00bb, m\u00eame si par mesure de s\u00e9curit\u00e9 les visiteurs ont \u00e9t\u00e9 regroup\u00e9s momentan\u00e9ment dans un b\u00e2timent s\u00e9curis\u00e9, a ajout\u00e9 l&rsquo;\u00e9tablissement.<\/p>\n<p>Ils ont \u00e9t\u00e9 surveill\u00e9s \u00e0 tout moment gr\u00e2ce aux cam\u00e9ras de surveillance du site et par des \u00e9quipes sur place.<\/p>\n<p>Apr\u00e8s avoir profit\u00e9 de leur butin, Mish et Lucy se sont paisiblement endormis dans leur enclos.<\/p>\n<p>La police a \u00e9t\u00e9 d\u00e9p\u00each\u00e9e sur place et une enqu\u00eate est en cours pour savoir comment les deux oursons ont pu s&rsquo;\u00e9chapper.<\/p>\n<p>Le zoo de Wildwood Devon s&rsquo;\u00e9tend sur plus de 16 hectares de terrains et de bois, et est sp\u00e9cialis\u00e9 dans les esp\u00e8ces indig\u00e8nes britanniques. Il h\u00e9berge ainsi des loups, des renards, des lynx, des reptiles et des oiseaux. Les ours ont disparu du Royaume-Uni depuis le XIe si\u00e8cle, indique le zoo sur son site internet.<\/p>\n<p>Mish et Lucy sont arriv\u00e9s au Wildwood Devon en 2021, apr\u00e8s avoir \u00e9t\u00e9 abandonn\u00e9s par leur m\u00e8re lors d&rsquo;une temp\u00eate de neige en Albanie.<\/p>\n<p>Apr\u00e8s plusieurs tentatives pour les r\u00e9introduire dans la nature, les experts ont estim\u00e9s qu&rsquo;ils ne pourraient pas y survivre seuls.<\/p>\n<p>mhc\/djb<\/p>\n","protected":false},"excerpt":{"rendered":"Deux jeunes ours se sont \u00e9chapp\u00e9s lundi de leur enclos dans un zoo du sud de l&rsquo;Angleterre, pour&hellip;\n","protected":false},"author":2,"featured_media":200924,"comment_status":"","ping_status":"","sticky":false,"template":"","format":"standard","meta":{"footnotes":""},"categories":[1588],"tags":[11,9913,34049,1777,674,34048,34046,12,473,1853,1851,1850,1852,34047],"class_list":{"0":"post-200923","1":"post","2":"type-post","3":"status-publish","4":"format-standard","5":"has-post-thumbnail","7":"category-royaume-uni","8":"tag-actualites","9":"tag-cameras-de-surveillance","10":"tag-enclos","11":"tag-eu","12":"tag-europe","13":"tag-miel","14":"tag-mish","15":"tag-news","16":"tag-royaume-uni","17":"tag-royaume-uni-de-grande-bretagne-et-dirlande-du-nord","18":"tag-uk","19":"tag-united-kingdom","20":"tag-united-kingdom-of-great-britain-and-northern-ireland","21":"tag-wildwood"},"share_on_mastodon":{"url":"https:\/\/pubeurope.com\/@fr\/114738824729915785","error":""},"_links":{"self":[{"href":"https:\/\/www.europesays.com\/fr\/wp-json\/wp\/v2\/posts\/200923","targetHints":{"allow":["GET"]}}],"collection":[{"href":"https:\/\/www.europesays.com\/fr\/wp-json\/wp\/v2\/posts"}],"about":[{"href":"https:\/\/www.europesays.com\/fr\/wp-json\/wp\/v2\/types\/post"}],"author":[{"embeddable":true,"href":"https:\/\/www.europesays.com\/fr\/wp-json\/wp\/v2\/users\/2"}],"replies":[{"embeddable":true,"href":"https:\/\/www.europesays.com\/fr\/wp-json\/wp\/v2\/comments?post=200923"}],"version-history":[{"count":0,"href":"https:\/\/www.europesays.com\/fr\/wp-json\/wp\/v2\/posts\/200923\/revisions"}],"wp:featuredmedia":[{"embeddable":true,"href":"https:\/\/www.europesays.com\/fr\/wp-json\/wp\/v2\/media\/200924"}],"wp:attachment":[{"href":"https:\/\/www.europesays.com\/fr\/wp-json\/wp\/v2\/media?parent=200923"}],"wp:term":[{"taxonomy":"category","embeddable":true,"href":"https:\/\/www.europesays.com\/fr\/wp-json\/wp\/v2\/categories?post=200923"},{"taxonomy":"post_tag","embeddable":true,"href":"https:\/\/www.europesays.com\/fr\/wp-json\/wp\/v2\/tags?post=200923"}],"curies":[{"name":"wp","href":"https:\/\/api.w.org\/{rel}","templated":true}]}}