{"id":200927,"date":"2025-06-24T14:32:14","date_gmt":"2025-06-24T14:32:14","guid":{"rendered":"https:\/\/www.europesays.com\/fr\/200927\/"},"modified":"2025-06-24T14:32:14","modified_gmt":"2025-06-24T14:32:14","slug":"chute-des-voyages-entre-canada-et-etats-unis-au-profit-de-leurope-des-caraibes-et-du-mexique","status":"publish","type":"post","link":"https:\/\/www.europesays.com\/fr\/200927\/","title":{"rendered":"Chute des voyages entre Canada et \u00c9tats-Unis au profit de l\u2019Europe, des Cara\u00efbes et du Mexique"},"content":{"rendered":"<p>                    <a href=\"https:\/\/www.travelpulsequebec.ca\/bio\/lacey-pfalz\" title=\"Lacey Pfalz\" rel=\"nofollow noopener\" target=\"_blank\"><img decoding=\"async\" src=\"https:\/\/www.europesays.com\/fr\/wp-content\/uploads\/2025\/06\/Lacey-Pfalz.png\" alt=\"Lacey Pfalz\" title=\"Lacey Pfalz\" loading=\"lazy\" class=\"author-image w-80 w-48\"\/><\/a>par <a href=\"https:\/\/www.travelpulsequebec.ca\/bio\/lacey-pfalz\" title=\"Lacey Pfalz\" class=\"author-name\" rel=\"nofollow noopener\" target=\"_blank\">Lacey Pfalz<\/a><br \/> Derni\u00e8re mise \u00e0 jour: 7:15 AM ET, Tue June 24, 2025<a href=\"https:\/\/www.travelpulsequebec.ca\/bio\/bert-archer\" title=\"Bert Archer\" rel=\"nofollow noopener\" target=\"_blank\"><img decoding=\"async\" src=\"https:\/\/www.europesays.com\/fr\/wp-content\/uploads\/2025\/06\/Bert-Archer.png\" alt=\"Bert Archer\" title=\"Bert Archer\" loading=\"lazy\" class=\"author-image w-80 w-48\"\/><\/a><\/p>\n<p>Alors que les voyages vers l\u2019Europe et le Mexique connaissent un v\u00e9ritable essor pour les voyageuses et voyageurs des \u00c9tats-Unis et du Canada, les deux pays nord-am\u00e9ricains voient leur propre fr\u00e9quentation touristique reculer. Le boycott des \u00c9tats-Unis par les Canadiennes et Canadiens entra\u00eene ce que certains appellent un \u00ab Trump Slump \u00bb du tourisme, tandis que les \u00c9tats-uniens privil\u00e9gient d\u00e9sormais des destinations plus abordables au climat plus chaud afin d\u2019\u00e9conomiser.<\/p>\n<p>Selon Travel and Tour World, les transporteurs des deux pays r\u00e9duisent leurs liaisons bilat\u00e9rales en raison de cette baisse des flux. United, Delta, American Airlines, JetBlue, WestJet, Air Canada et d\u2019autres ont supprim\u00e9 des liaisons et r\u00e9duit leur service transfrontalier cette ann\u00e9e.<\/p>\n<p>Statistique Canada a signal\u00e9 une baisse de 24 % des retours de Canadiennes et Canadiens des \u00c9tats-Unis en mars. Ce recul s\u2019est maintenu en mai, avec un nombre de retours 24,2 % inf\u00e9rieur \u00e0 celui de mai 2024. Les retours par voiture ont chut\u00e9 de 38,1 % par rapport \u00e0 mai 2024.<\/p>\n<p>Le nombre de voyageuses et voyageurs \u00e9tats-uniens se rendant au Canada diminue \u00e9galement, bien que de fa\u00e7on plus mod\u00e9r\u00e9e : en mars, la baisse \u00e9tait de 6,6 % par rapport \u00e0 mars 2024 ; en mai, elle \u00e9tait de 0,3 % pour les arriv\u00e9es par avion et de 8,4 % pour celles par la route. Des reculs ont \u00e9t\u00e9 observ\u00e9s au cours des cinq premiers mois de l\u2019ann\u00e9e.<\/p>\n<p>Le WTTC pr\u00e9voit que les restrictions frontali\u00e8res renforc\u00e9es et les propos du pr\u00e9sident sur une possible annexion du Canada pourraient entra\u00eener une perte de revenus touristiques allant jusqu\u2019\u00e0 16,9 milliards cette ann\u00e9e aux \u00c9tats-Unis, ce qui repr\u00e9senterait une baisse de 22,5 % par rapport aux niveaux de 2019.<\/p>\n<p>Pendant que la fr\u00e9quentation entre les deux pays chute, le Mexique, les Cara\u00efbes et l\u2019Europe en tirent profit.<\/p>\n<p>L\u2019Europe pr\u00e9voit une augmentation des d\u00e9penses touristiques de 11 % cette ann\u00e9e, s\u2019attendant \u00e0 une saison estivale record.<\/p>\n<p>Le Mexique a enregistr\u00e9 une hausse de 3,5 % des arriv\u00e9es internationales au premier trimestre, avec des progressions en provenance des \u00c9tats-Unis comme du Canada.<\/p>\n<p>Plusieurs destinations carib\u00e9ennes, dont Saint-Kitts, les \u00celes Vierges am\u00e9ricaines et britanniques, signalent \u00e9galement une croissance de la fr\u00e9quentation.<\/p>\n<p>Bref, la tendance des \u00c9tats-uniens \u00e0 bouder le Canada et des Canadiennes et Canadiens \u00e0 \u00e9viter les \u00c9tats-Unis semble se maintenir sans ralentissement cette ann\u00e9e.<\/p>\n<p>&#13;<br \/>\n        Sujets de cet article \u00e0 explorer&#13;<\/p>\n<p>        <a href=\"https:\/\/www.travelpulsequebec.ca\/nouvelles\/fonctionnalites-et-conseils\" title=\"Fonctionnalit\u00e9s et conseils\" class=\"btn topic-tag\" rel=\"nofollow noopener\" target=\"_blank\">Fonctionnalit\u00e9s et conseils<\/a><\/p>\n","protected":false},"excerpt":{"rendered":"par Lacey Pfalz Derni\u00e8re mise \u00e0 jour: 7:15 AM ET, Tue June 24, 2025 Alors que les voyages&hellip;\n","protected":false},"author":2,"featured_media":200928,"comment_status":"","ping_status":"","sticky":false,"template":"","format":"standard","meta":{"footnotes":""},"categories":[1586],"tags":[11,1777,674,34057,1011,27,34058,12,25,34056],"class_list":{"0":"post-200927","1":"post","2":"type-post","3":"status-publish","4":"format-standard","5":"has-post-thumbnail","7":"category-europe","8":"tag-actualites","9":"tag-eu","10":"tag-europe","11":"tag-fonctionnalites-et-conseils","12":"tag-fr","13":"tag-france","14":"tag-homepage-top-stories","15":"tag-news","16":"tag-republique-francaise","17":"tag-travelpulse-quebec"},"share_on_mastodon":{"url":"https:\/\/pubeurope.com\/@fr\/114738832647670082","error":""},"_links":{"self":[{"href":"https:\/\/www.europesays.com\/fr\/wp-json\/wp\/v2\/posts\/200927","targetHints":{"allow":["GET"]}}],"collection":[{"href":"https:\/\/www.europesays.com\/fr\/wp-json\/wp\/v2\/posts"}],"about":[{"href":"https:\/\/www.europesays.com\/fr\/wp-json\/wp\/v2\/types\/post"}],"author":[{"embeddable":true,"href":"https:\/\/www.europesays.com\/fr\/wp-json\/wp\/v2\/users\/2"}],"replies":[{"embeddable":true,"href":"https:\/\/www.europesays.com\/fr\/wp-json\/wp\/v2\/comments?post=200927"}],"version-history":[{"count":0,"href":"https:\/\/www.europesays.com\/fr\/wp-json\/wp\/v2\/posts\/200927\/revisions"}],"wp:featuredmedia":[{"embeddable":true,"href":"https:\/\/www.europesays.com\/fr\/wp-json\/wp\/v2\/media\/200928"}],"wp:attachment":[{"href":"https:\/\/www.europesays.com\/fr\/wp-json\/wp\/v2\/media?parent=200927"}],"wp:term":[{"taxonomy":"category","embeddable":true,"href":"https:\/\/www.europesays.com\/fr\/wp-json\/wp\/v2\/categories?post=200927"},{"taxonomy":"post_tag","embeddable":true,"href":"https:\/\/www.europesays.com\/fr\/wp-json\/wp\/v2\/tags?post=200927"}],"curies":[{"name":"wp","href":"https:\/\/api.w.org\/{rel}","templated":true}]}}