{"id":200929,"date":"2025-06-24T14:33:11","date_gmt":"2025-06-24T14:33:11","guid":{"rendered":"https:\/\/www.europesays.com\/fr\/200929\/"},"modified":"2025-06-24T14:33:11","modified_gmt":"2025-06-24T14:33:11","slug":"sommet-ue-canada-pour-une-alliance-strategique","status":"publish","type":"post","link":"https:\/\/www.europesays.com\/fr\/200929\/","title":{"rendered":"\u200bSommet UE-Canada : Pour une alliance strat\u00e9gique"},"content":{"rendered":"<p>\t\t <br class=\"texte clear\" \/><\/p>\n<p>\t\t <br class=\"texte clear\" \/><\/p>\n<p>R\u00e9dig\u00e9 par L&rsquo;Opinion  Mardi 24 Juin 2025<\/p>\n<p>\t\t\t\t L&rsquo;Union europ\u00e9enne et le Canada ont sign\u00e9 lundi \u00e0 Bruxelles un accord pour renforcer leur coop\u00e9ration en mati\u00e8re de d\u00e9fense et de commerce, dans un contexte d&rsquo;incertitude sur la fiabilit\u00e9 des \u00c9tats-Unis sous la pr\u00e9sidence de Donald Trump. <\/p>\n<p>\t\t <br class=\"texte clear\" \/><\/p>\n<p>\t\t <br id=\"sep_para_1\" class=\"sep_para access\" \/><\/p>\n<p>\t\t\t\t <a href=\"https:\/\/www.lopinion.ma\/javascript:void(0)\" rel=\"https:\/\/www.europesays.com\/fr\/wp-content\/uploads\/2025\/06\/89527312-63289295.jpg&amp;ibox noopener\" title=\"\u200bSommet UE-Canada : Pour une alliance strat\u00e9gique\" target=\"_blank\"><img decoding=\"async\" class=\"responsive\" style=\"display:none\" src=\"https:\/\/www.europesays.com\/fr\/wp-content\/uploads\/2025\/06\/89527312-63289295.jpg\" alt=\"\u200bSommet UE-Canada : Pour une alliance strat\u00e9gique\" title=\"\u200bSommet UE-Canada : Pour une alliance strat\u00e9gique\" \/><br \/>\n<img decoding=\"async\" class=\"not-responsive\" src=\"https:\/\/www.europesays.com\/fr\/wp-content\/uploads\/2025\/06\/1750775591_558_89527312-63289295.jpg\" alt=\"\u200bSommet UE-Canada : Pour une alliance strat\u00e9gique\" title=\"\u200bSommet UE-Canada : Pour une alliance strat\u00e9gique\" width=\"688\" \/><\/a><\/p>\n<p>\t\t\t\t\t \u00ab\u00a0C&rsquo;est le d\u00e9but d&rsquo;un nouveau chapitre dans une amiti\u00e9 de longue date entre l&rsquo;Europe et le Canada\u00a0\u00bb, a assur\u00e9 la pr\u00e9sidente de la Commission europ\u00e9enne Ursula von der Leyen, aux c\u00f4t\u00e9s du Premier ministre canadien Mark Carney. Ce dernier a expliqu\u00e9 s&rsquo;atteler \u00e0 renforcer les coop\u00e9rations du Canada avec ses \u00ab\u00a0alli\u00e9s les plus fiables, ceux qui partagent nos valeurs\u00a0\u00bb, sans mentionner les r\u00e9centes tensions avec l&rsquo;Am\u00e9rique de Trump. Cet accord vise notamment \u00e0 associer plus \u00e9troitement l&rsquo;industrie de la d\u00e9fense canadienne aux efforts d\u00e9ploy\u00e9s par l&rsquo;Europe pour r\u00e9organiser sa base industrielle. <\/p>\n<p>A terme, il pourrait permettre \u00e0 Ottawa de participer \u00e0 des achats communs dans le cadre d&rsquo;un programme de pr\u00eats de 150 milliards d&rsquo;euros r\u00e9cemment approuv\u00e9 par l&rsquo;UE pour stimuler le r\u00e9armement des 27. <\/p>\n<p>L\u2019accord ouvre \u00e9galement la voie \u00e0 la participation d&rsquo;entreprises canadiennes \u00e0 ce programme, m\u00eame si cela n\u00e9cessitera la signature d&rsquo;un accord distinct. <\/p>\n<p>La signature intervient \u00e0 la veille d&rsquo;un sommet de l&rsquo;Otan \u00e0 La Haye au cours duquel les alli\u00e9s, dont le Canada et 23 des 27 pays de l&rsquo;UE, doivent approuver un objectif de d\u00e9penses de s\u00e9curit\u00e9 accrues pour atteindre au moins 5% du PIB en 2035. <br \/>\u00a0<\/p>\n<p>\t\t <br class=\"texte clear\" \/><\/p>\n<p>\t\t <\/p>\n","protected":false},"excerpt":{"rendered":"R\u00e9dig\u00e9 par L&rsquo;Opinion Mardi 24 Juin 2025 L&rsquo;Union europ\u00e9enne et le Canada ont sign\u00e9 lundi \u00e0 Bruxelles un&hellip;\n","protected":false},"author":2,"featured_media":200930,"comment_status":"","ping_status":"","sticky":false,"template":"","format":"standard","meta":{"footnotes":""},"categories":[1586],"tags":[11,5024,5025,5026,258,5028,1659,5029,5027,251,33,2518,1283,1777,674,1779,1011,27,1757,1393,985,12,316,25,104,517,5030,1778,364],"class_list":{"0":"post-200929","1":"post","2":"type-post","3":"status-publish","4":"format-standard","5":"has-post-thumbnail","7":"category-europe","8":"tag-actualites","9":"tag-actualites-et-infos-au-maroc","10":"tag-actualites-et-infos-mondiale","11":"tag-actualites-marocaines-du-jour","12":"tag-alimentation","13":"tag-analyses","14":"tag-art-de-vivre","15":"tag-chronique","16":"tag-consommation-et-bien-etre","17":"tag-culture","18":"tag-economie","19":"tag-edito","20":"tag-etudes","21":"tag-eu","22":"tag-europe","23":"tag-european-union","24":"tag-fr","25":"tag-france","26":"tag-insolite","27":"tag-loisirs","28":"tag-mode","29":"tag-news","30":"tag-politique","31":"tag-republique-francaise","32":"tag-societe","33":"tag-sport","34":"tag-tribune","35":"tag-ue","36":"tag-union-europeenne"},"share_on_mastodon":{"url":"https:\/\/pubeurope.com\/@fr\/114738836749740412","error":""},"_links":{"self":[{"href":"https:\/\/www.europesays.com\/fr\/wp-json\/wp\/v2\/posts\/200929","targetHints":{"allow":["GET"]}}],"collection":[{"href":"https:\/\/www.europesays.com\/fr\/wp-json\/wp\/v2\/posts"}],"about":[{"href":"https:\/\/www.europesays.com\/fr\/wp-json\/wp\/v2\/types\/post"}],"author":[{"embeddable":true,"href":"https:\/\/www.europesays.com\/fr\/wp-json\/wp\/v2\/users\/2"}],"replies":[{"embeddable":true,"href":"https:\/\/www.europesays.com\/fr\/wp-json\/wp\/v2\/comments?post=200929"}],"version-history":[{"count":0,"href":"https:\/\/www.europesays.com\/fr\/wp-json\/wp\/v2\/posts\/200929\/revisions"}],"wp:featuredmedia":[{"embeddable":true,"href":"https:\/\/www.europesays.com\/fr\/wp-json\/wp\/v2\/media\/200930"}],"wp:attachment":[{"href":"https:\/\/www.europesays.com\/fr\/wp-json\/wp\/v2\/media?parent=200929"}],"wp:term":[{"taxonomy":"category","embeddable":true,"href":"https:\/\/www.europesays.com\/fr\/wp-json\/wp\/v2\/categories?post=200929"},{"taxonomy":"post_tag","embeddable":true,"href":"https:\/\/www.europesays.com\/fr\/wp-json\/wp\/v2\/tags?post=200929"}],"curies":[{"name":"wp","href":"https:\/\/api.w.org\/{rel}","templated":true}]}}