{"id":200937,"date":"2025-06-24T14:40:08","date_gmt":"2025-06-24T14:40:08","guid":{"rendered":"https:\/\/www.europesays.com\/fr\/200937\/"},"modified":"2025-06-24T14:40:08","modified_gmt":"2025-06-24T14:40:08","slug":"insolite-atp-brad-pitt-grand-fan-de-jannik-sinner-je-tiens-a-saluer-specialement-le-numero-1-mondial-il-est","status":"publish","type":"post","link":"https:\/\/www.europesays.com\/fr\/200937\/","title":{"rendered":"Insolite, ATP > Brad Pitt grand fan de Jannik Sinner : \u00ab\u00a0Je tiens \u00e0 saluer sp\u00e9cialement le num\u00e9ro 1 mondial. Il est&#8230;\u00a0\u00bb"},"content":{"rendered":"<p>Si Carlos Alcaraz est s\u00fbre\u00adment le joueur actuel le plus popu\u00adlaire du circuit avec, \u00e9videm\u00adment, Novak Djokovic, Jannik Sinner n\u2019est pas en\u00a0reste.<\/p>\n<p>Malgr\u00e9 un jeu moins attrayant que son rival espa\u00adgnol et une commu\u00adni\u00adca\u00adtion plus contr\u00f4l\u00e9e, l\u2019ac\u00adtuel num\u00e9ro 1 mondial a re\u00e7u le soutien d\u2019une star mondiale, Brad Pitt, actuel\u00adle\u00adment en pleine promo\u00adtion du film sur la Formule 1 \u00ab\u202fF1\u202f\u00bb dont il est la grande t\u00eate d\u2019affiche.\u00a0<\/p>\n<p>R\u00e9cemment inter\u00adview\u00e9 par la cha\u00eene italienne, TG1, l\u2019ac\u00adteur am\u00e9ri\u00adcain a conclu la pr\u00e9sen\u00adta\u00adtion du film par un message surpre\u00adnant adress\u00e9 \u00e0 Sinner\u00a0: <strong>\u00ab\u202fJe tiens \u00e0 saluer sp\u00e9cia\u00adle\u00adment le num\u00e9ro 1 mondial, il est fantastique.\u202f\u00bb<\/strong><\/p>\n<p>Des mots qui devraient faire plaisir au natif de San Candido.\u00a0<\/p>\n<p class=\"post-published-date\" style=\"color: silver; font-size: 75%; text-align: left;\">Publi\u00e9 le mardi 24 juin 2025 \u00e0 15:44<\/p>\n","protected":false},"excerpt":{"rendered":"Si Carlos Alcaraz est s\u00fbre\u00adment le joueur actuel le plus popu\u00adlaire du circuit avec, \u00e9videm\u00adment, Novak Djokovic, Jannik&hellip;\n","protected":false},"author":2,"featured_media":110357,"comment_status":"","ping_status":"","sticky":false,"template":"","format":"standard","meta":{"footnotes":""},"categories":[1415],"tags":[1744,105,1011,27,2127,60,1467],"class_list":{"0":"post-200937","1":"post","2":"type-post","3":"status-publish","4":"format-standard","5":"has-post-thumbnail","7":"category-tennis","8":"tag-alcaraz","9":"tag-djokovic","10":"tag-fr","11":"tag-france","12":"tag-sinner","13":"tag-sports","14":"tag-tennis"},"share_on_mastodon":{"url":"https:\/\/pubeurope.com\/@fr\/114738863998617087","error":""},"_links":{"self":[{"href":"https:\/\/www.europesays.com\/fr\/wp-json\/wp\/v2\/posts\/200937","targetHints":{"allow":["GET"]}}],"collection":[{"href":"https:\/\/www.europesays.com\/fr\/wp-json\/wp\/v2\/posts"}],"about":[{"href":"https:\/\/www.europesays.com\/fr\/wp-json\/wp\/v2\/types\/post"}],"author":[{"embeddable":true,"href":"https:\/\/www.europesays.com\/fr\/wp-json\/wp\/v2\/users\/2"}],"replies":[{"embeddable":true,"href":"https:\/\/www.europesays.com\/fr\/wp-json\/wp\/v2\/comments?post=200937"}],"version-history":[{"count":0,"href":"https:\/\/www.europesays.com\/fr\/wp-json\/wp\/v2\/posts\/200937\/revisions"}],"wp:featuredmedia":[{"embeddable":true,"href":"https:\/\/www.europesays.com\/fr\/wp-json\/wp\/v2\/media\/110357"}],"wp:attachment":[{"href":"https:\/\/www.europesays.com\/fr\/wp-json\/wp\/v2\/media?parent=200937"}],"wp:term":[{"taxonomy":"category","embeddable":true,"href":"https:\/\/www.europesays.com\/fr\/wp-json\/wp\/v2\/categories?post=200937"},{"taxonomy":"post_tag","embeddable":true,"href":"https:\/\/www.europesays.com\/fr\/wp-json\/wp\/v2\/tags?post=200937"}],"curies":[{"name":"wp","href":"https:\/\/api.w.org\/{rel}","templated":true}]}}