{"id":200940,"date":"2025-06-24T14:43:09","date_gmt":"2025-06-24T14:43:09","guid":{"rendered":"https:\/\/www.europesays.com\/fr\/200940\/"},"modified":"2025-06-24T14:43:09","modified_gmt":"2025-06-24T14:43:09","slug":"stella-souligne-la-preparation-hivernale-de-lautralien","status":"publish","type":"post","link":"https:\/\/www.europesays.com\/fr\/200940\/","title":{"rendered":"Stella souligne la pr\u00e9paration hivernale de l&rsquo;Autralien"},"content":{"rendered":"<p itemprop=\"description\">Oscar Piastri est en train de vivre une<br \/>\nsaison 2025 exceptionnelle qui pourrait le mener au titre mondial,<br \/>\nselon son patron chez McLaren Andrea Stella, qui appr\u00e9cie le<br \/>\ntravail accompli \u00e0 l&rsquo;intersaison.<\/p>\n<p data-start=\"0\" data-end=\"378\">\u00c0 seulement 24 ans et pour sa<br \/>\ntroisi\u00e8me saison compl\u00e8te en Formule 1, l\u2019Australien a remport\u00e9<br \/>\ncinq des dix premi\u00e8res courses et poss\u00e8de d\u00e9sormais une avance de<br \/>\n22 points sur son co\u00e9quipier Lando Norris, en t\u00eate du<br \/>\nclassement.<\/p>\n<p data-start=\"380\" data-end=\"769\">Stella souligne que l\u2019\u00e9l\u00e9ment<br \/>\nd\u00e9terminant de cette progression est la vitesse pure :<br \/>\n\u00ab Je pense que l\u2019am\u00e9lioration<br \/>\nla plus importante, s\u2019il y en a une, c\u2019est qu\u2019Oscar est devenu un<br \/>\npilote plus rapide, pr\u00e9cise-t-il.\u00a0Quand vous \u00eates plus rapide, vous avez plus de<br \/>\nmarge pour tout le reste : pour analyser, pour r\u00e9fl\u00e9chir en course<br \/>\ncomme en dehors. \u00bb<\/p>\n<p>Plus comp\u00e9titif en<br \/>\nqualification<\/p>\n<p data-start=\"771\" data-end=\"1147\">Si le potentiel de Piastri<br \/>\n\u00e9tait d\u00e9j\u00e0 visible lors de sa saison rookie, il manquait alors de<br \/>\nconstance, notamment en qualifications, o\u00f9 Norris l\u2019avait largement<br \/>\ndomin\u00e9 en 2024 (20-4). Mais cette ann\u00e9e, la tendance s\u2019est invers\u00e9e<br \/>\n: Piastri a pris l\u2019ascendant en qualifications, tout en ma\u00eetrisant<br \/>\nmieux la gestion des pneus, atout renforc\u00e9 par les qualit\u00e9s de la<br \/>\nMcLaren MCL39.<\/p>\n<p data-start=\"1149\" data-end=\"1361\">Selon Stella, cette<br \/>\ntransformation est le fruit d\u2019un travail hivernal approfondi :<br \/>\n\u00ab Pendant l\u2019hiver, il y a eu<br \/>\nun gros travail sur plusieurs domaines, constate le team<br \/>\nprincipal. Oscar a vraiment<br \/>\nabord\u00e9 tout cela de mani\u00e8re holistique. \u00bb<\/p>\n<p>L&rsquo;influence de Webber<\/p>\n<p data-start=\"1363\" data-end=\"1629\">L\u2019\u00e9volution du <a href=\"https:\/\/f1i.autojournal.fr\/magazine\/magazine-features\/portrait\/oscar-piastri-lanimal-au-sang-froid\/\" target=\"_blank\" rel=\"noopener\"><br \/>\nprodige australien<\/a> est \u00e9galement encadr\u00e9e par son manager, Mark<br \/>\nWebber. L\u2019ancien pilote Red Bull, qui avait orchestr\u00e9 le transfert<br \/>\ncontrovers\u00e9 de Piastri d\u2019Alpine \u00e0 McLaren en 2022, joue un r\u00f4le-cl\u00e9<br \/>\ndans la gestion de la pression autour d\u2019une lutte pour le<br \/>\ntitre.<\/p>\n<p data-start=\"1631\" data-end=\"1828\">\u00ab M\u00eame si Oscar m\u00e9rite les louanges principales, je<br \/>\ntiens \u00e0 mentionner l\u2019\u00e9quipe autour de lui : ses ing\u00e9nieurs, le<br \/>\nsoutien de l\u2019usine, et aussi son entourage comme Mark Webber<br \/>\n\u00bb, a ajout\u00e9 Stella.<\/p>\n<p>Favori pour le titre ?<\/p>\n<p data-start=\"1830\" data-end=\"2216\" data-is-last-node=\"\" data-is-only-node=\"\">Avec McLaren en t\u00eate des deux championnats et<br \/>\nPiastri plus performant que jamais, Andrea Stella consid\u00e8re que son<br \/>\nsucc\u00e8s n\u2019est pas un hasard, mais le fruit d\u2019un d\u00e9veloppement<br \/>\nm\u00e9thodique et rigoureux.<\/p>\n<p data-start=\"1830\" data-end=\"2216\" data-is-last-node=\"\" data-is-only-node=\"\">Alors que la saison 2025 atteint son point<br \/>\nm\u00e9dian, \u00ab\u00a0Monsieur 50 %\u00a0\u00bb avec une victoire sur deux ne se contente<br \/>\nplus d\u2019\u00eatre une \u00e9toile montante : il s\u2019impose d\u00e9sormais comme un<br \/>\npr\u00e9tendant tr\u00e8s s\u00e9rieux au titre mondial.<\/p>\n<p data-start=\"1830\" data-end=\"2216\" data-is-last-node=\"\" data-is-only-node=\"\">\u00ab Je suis<br \/>\nencore au d\u00e9but de ma carri\u00e8re, c\u2019est une belle opportunit\u00e9, mais<br \/>\nje vais simplement essayer de gagner autant de courses que<br \/>\npossible, confie Oscar pour sa part. Avec un peu de chance, \u00e7a fera bonne figure au<br \/>\nchampionnat \u00e0 la fin. \u00bb<\/p>\n<p>Maintenir l&rsquo;\u00e9quilibre<\/p>\n<p data-start=\"630\" data-end=\"1009\">Loin d\u2019\u00eatre accabl\u00e9 par les<br \/>\nenjeux, Piastri semble s\u2019\u00e9panouir dans cette atmosph\u00e8re de<br \/>\ncomp\u00e9tition. Il attribue son calme \u00e0 l\u2019exp\u00e9rience acquise dans les<br \/>\ncat\u00e9gories inf\u00e9rieures comme en Formule 1 : \u00ab C\u2019est quelque chose que j\u2019ai appris durant ma<br \/>\ncarri\u00e8re junior et pendant mes premi\u00e8res ann\u00e9es en F1 : il faut<br \/>\nprendre du recul, sinon \u00e7a peut devenir \u00e9puisant tr\u00e8s rapidement.<br \/>\n\u00bb<\/p>\n<p data-start=\"1011\" data-end=\"1292\">Ce recul lui permet de<br \/>\nmaintenir un \u00e9quilibre mental et physique : \u00ab M\u00eame si la situation est diff\u00e9rente maintenant<br \/>\navec la bataille pour le championnat, je pense avoir d\u00e9j\u00e0 compris<br \/>\ncomment je donne le meilleur de moi-m\u00eame \u00e0 chaque week-end et<br \/>\ncomment rester frais mentalement. \u00bb<\/p>\n<p>Piastri savoure<\/p>\n<p data-start=\"1294\" data-end=\"1602\">Et malgr\u00e9 la mont\u00e9e en<br \/>\nintensit\u00e9 cette saison, l\u2019Australien savoure pleinement sa position<br \/>\nactuelle : \u00ab Franchement, je<br \/>\nprends du plaisir dans cette position, affirme-t-il.<br \/>\nC\u2019est plut\u00f4t fun d\u2019essayer de<br \/>\ngagner des courses et de se battre pour un titre. Pour l\u2019instant,<br \/>\nla pression ne me semble pas vraiment diff\u00e9rente. \u00bb<\/p>\n<p data-start=\"1604\" data-end=\"1816\">Piastri conclut avec s\u00e9r\u00e9nit\u00e9<br \/>\n: \u00ab Je fais simplement de mon<br \/>\nmieux. La diff\u00e9rence, c\u2019est qu\u2019aujourd\u2019hui, \u00e7a veut dire viser une<br \/>\nvictoire, alors qu\u2019il y a quelques ann\u00e9es, c\u2019\u00e9tait viser un podium<br \/>\nou des points. \u00bb<\/p>\n","protected":false},"excerpt":{"rendered":"Oscar Piastri est en train de vivre une saison 2025 exceptionnelle qui pourrait le mener au titre mondial,&hellip;\n","protected":false},"author":2,"featured_media":200941,"comment_status":"","ping_status":"","sticky":false,"template":"","format":"standard","meta":{"footnotes":""},"categories":[1412],"tags":[1451,1452,1453,1454,1455,1011,27,4475,6797,60,21764],"class_list":{"0":"post-200940","1":"post","2":"type-post","3":"status-publish","4":"format-standard","5":"has-post-thumbnail","7":"category-f1","8":"tag-f1","9":"tag-formula-1","10":"tag-formula1","11":"tag-formule-1","12":"tag-formule1","13":"tag-fr","14":"tag-france","15":"tag-mclaren","16":"tag-piastri","17":"tag-sports","18":"tag-stella"},"share_on_mastodon":{"url":"https:\/\/pubeurope.com\/@fr\/114738875839822460","error":""},"_links":{"self":[{"href":"https:\/\/www.europesays.com\/fr\/wp-json\/wp\/v2\/posts\/200940","targetHints":{"allow":["GET"]}}],"collection":[{"href":"https:\/\/www.europesays.com\/fr\/wp-json\/wp\/v2\/posts"}],"about":[{"href":"https:\/\/www.europesays.com\/fr\/wp-json\/wp\/v2\/types\/post"}],"author":[{"embeddable":true,"href":"https:\/\/www.europesays.com\/fr\/wp-json\/wp\/v2\/users\/2"}],"replies":[{"embeddable":true,"href":"https:\/\/www.europesays.com\/fr\/wp-json\/wp\/v2\/comments?post=200940"}],"version-history":[{"count":0,"href":"https:\/\/www.europesays.com\/fr\/wp-json\/wp\/v2\/posts\/200940\/revisions"}],"wp:featuredmedia":[{"embeddable":true,"href":"https:\/\/www.europesays.com\/fr\/wp-json\/wp\/v2\/media\/200941"}],"wp:attachment":[{"href":"https:\/\/www.europesays.com\/fr\/wp-json\/wp\/v2\/media?parent=200940"}],"wp:term":[{"taxonomy":"category","embeddable":true,"href":"https:\/\/www.europesays.com\/fr\/wp-json\/wp\/v2\/categories?post=200940"},{"taxonomy":"post_tag","embeddable":true,"href":"https:\/\/www.europesays.com\/fr\/wp-json\/wp\/v2\/tags?post=200940"}],"curies":[{"name":"wp","href":"https:\/\/api.w.org\/{rel}","templated":true}]}}