{"id":200946,"date":"2025-06-24T14:46:09","date_gmt":"2025-06-24T14:46:09","guid":{"rendered":"https:\/\/www.europesays.com\/fr\/200946\/"},"modified":"2025-06-24T14:46:09","modified_gmt":"2025-06-24T14:46:09","slug":"pour-ses-quarante-ans-la-fete-du-cinema-redonnera-t-elle-le-sourire-aux-professionnels-du-secteur","status":"publish","type":"post","link":"https:\/\/www.europesays.com\/fr\/200946\/","title":{"rendered":"Pour ses quarante ans, la F\u00eate du cin\u00e9ma redonnera-t-elle le sourire aux professionnels du secteur\u00a0?"},"content":{"rendered":"<p>Les exploitants esp\u00e8rent que le dernier film avec Brad Pitt, F1, tirera le box-office vers le haut alors la fr\u00e9quentation depuis le d\u00e9but d\u2019ann\u00e9e est en tr\u00e8s net recul.<\/p>\n<p class=\"fig-paragraph\">L\u2019objectif est clair pour les salles obscures\u00a0: se donner de l\u2019air alors que la fr\u00e9quentation est en berne depuis le d\u00e9but de l\u2019ann\u00e9e. La F\u00eate du cin\u00e9ma souffle ses quarante bougies, avec des s\u00e9ances \u00e0 cinq euros dans toute la France et l&rsquo;espoir de voir revenir les spectateurs en salles.<\/p>\n<p class=\"fig-paragraph\">Pendant quatre jours, de dimanche \u00e0 mercredi, tous b\u00e9n\u00e9ficient d&rsquo;un tarif unique de cinq euros, \u00e0 l&rsquo;exception des s\u00e9ances en 3D et autres suppl\u00e9ments premium. Plusieurs grosses productions ont cal\u00e9 leur sortie sur ces dates, auxquelles la fr\u00e9quentation bat des records\u00a0:\u00a0<a href=\"http:\/\/www.lefigaro.fr\/cinema\/f1-le-film-avec-brad-pitt-est-il-credible-notre-specialiste-de-la-formule-1-l-a-vu-et-vous-dit-tout-20250624\" target=\"_blank\" data-fig-type=\"Article\" rel=\"noopener\" data-gtm-custom-categorie=\"navigation\" data-gtm-custom-action=\"crossclick\" data-gtm-custom-label=\"Contextuel\" data-gtm-event=\"customEventSPE\" data-fig-domain=\"LEFIGARO\">F1<\/a> \u00a0avec Brad Pitt en pilote sur le retour, M3GAN 2.0 pour les fans de films d&rsquo;horreur ou 13 jours, 13 nuits, blockbuster fran\u00e7ais dans lequel Roschdy Zem rejoue l&rsquo;\u00e9vacuation de l&rsquo;ambassade de France \u00e0 Kaboul, qui sort exceptionnellement vendredi.<\/p>\n<p class=\"fig-paragraph\">\u00c9galement au programme, le dernier Pixar,\u00a0<a href=\"http:\/\/www.lefigaro.fr\/cinema\/dragons-domine-toujours-le-box-office-americain-elio-realise-le-pire-demarrage-de-l-histoire-de-pixar-20250622\" target=\"_blank\" data-fig-type=\"NewsFlash\" rel=\"noopener\" data-gtm-custom-categorie=\"navigation\" data-gtm-custom-action=\"crossclick\" data-gtm-custom-label=\"Contextuel\" data-gtm-event=\"customEventSPE\" data-fig-domain=\"LEFIGARO\">Elio<\/a>, sorti mercredi dernier, tout comme 28 ans plus tard, suite de la saga sign\u00e9e Danny Boyle, ou, c\u00f4t\u00e9 films fran\u00e7ais, Enzo et Avignon.<\/p>\n<p class=\"fig-body-link\">\n            \u00c0 lire aussi<br \/>\n        <a class=\"fig-body-link__link\" href=\"http:\/\/www.lefigaro.fr\/cinema\/les-sorties-cinemas-les-plus-attendues-de-l-ete-un-programme-qui-sent-trop-le-rechauffe-20250621\" data-fig-type=\"Article\" data-gtm-custom-categorie=\"navigation\" data-gtm-custom-action=\"crossclick\" data-gtm-custom-label=\"Contextuel\" data-gtm-event=\"customEventSPE\" data-fig-domain=\"LEFIGARO\" target=\"_blank\" rel=\"noopener\">Les sorties cin\u00e9mas les plus attendues de l\u2019\u00e9t\u00e9\u00a0: un programme qui sent trop le r\u00e9chauff\u00e9<br \/>\n    <\/a>\n<\/p>\n<p>Objectif\u00a0: \u00e9galer le record de 2024<\/p>\n<p class=\"fig-paragraph\">L&rsquo;an dernier, la F\u00eate du cin\u00e9ma a engrang\u00e9 un record historique avec 4,65\u00a0millions de spectateurs, bien au-dessus de la moyenne de l&rsquo;\u00e9v\u00e9nement, autour de 3 millions. Un succ\u00e8s port\u00e9 par la com\u00e9die d&rsquo;Artus\u00a0<a href=\"http:\/\/www.lefigaro.fr\/cinema\/un-p-tit-truc-en-plus-9e-plus-grand-succes-du-cinema-francais-depuis-10-ans-20240829\" target=\"_blank\" data-fig-type=\"Article\" rel=\"noopener\" data-gtm-custom-categorie=\"navigation\" data-gtm-custom-action=\"crossclick\" data-gtm-custom-label=\"Contextuel\" data-gtm-event=\"customEventSPE\" data-fig-domain=\"LEFIGARO\">Un p&rsquo;tit truc en plus<\/a>,\u00a0<a href=\"http:\/\/www.lefigaro.fr\/cinema\/le-comte-de-monte-cristo-revient-au-cinema-et-en-musique-dans-une-version-longue-20250504\" target=\"_blank\" data-fig-type=\"NewsFlash\" rel=\"noopener\" data-gtm-custom-categorie=\"navigation\" data-gtm-custom-action=\"crossclick\" data-gtm-custom-label=\"Contextuel\" data-gtm-event=\"customEventSPE\" data-fig-domain=\"LEFIGARO\">Le Comte de Monte-Cristo<\/a> \u00a0et\u00a0<a href=\"http:\/\/www.lefigaro.fr\/medias\/porte-par-vice-versa-2-disney-publie-des-resultats-plus-favorables-qu-attendus-au-quatrieme-trimestre-20241114\" target=\"_blank\" data-fig-type=\"NewsFlash\" rel=\"noopener\" data-gtm-custom-categorie=\"navigation\" data-gtm-custom-action=\"crossclick\" data-gtm-custom-label=\"Contextuel\" data-gtm-event=\"customEventSPE\" data-fig-domain=\"LEFIGARO\">Vice-Versa 2<\/a> .<\/p>\n<p class=\"fig-paragraph\">Il sera difficile d&rsquo;\u00e9galer ce record, m\u00eame si cela reste \u00ab\u00a0l&rsquo;objectif\u00a0\u00bb, souligne le d\u00e9l\u00e9gu\u00e9 g\u00e9n\u00e9ral de la F\u00e9d\u00e9ration nationale des cin\u00e9mas fran\u00e7ais (FNCF), Marc-Olivier Sebbag, pour qui la F\u00eate du cin\u00e9ma, deuxi\u00e8me \u00e9v\u00e9nement culturel de l&rsquo;ann\u00e9e apr\u00e8s la F\u00eate de la musique, reste un incontournable pour cultiver le go\u00fbt de fr\u00e9quenter les salles obscures, en famille ou entre amis.<\/p>\n<p class=\"fig-paragraph\">Le concept, n\u00e9 en 1985, essaime d\u00e9sormais en Europe\u00a0: l&rsquo;Italie a adopt\u00e9 le mod\u00e8le, la Fiesta del Cine s&rsquo;est install\u00e9e en Espagne, tout comme le Kinofest en Allemagne. En France, les professionnels esp\u00e8rent que l&rsquo;\u00e9v\u00e8nement sera l&rsquo;occasion de remettre la fr\u00e9quentation sur de bons rails. Le mois de mai a \u00e9t\u00e9 catastrophique (-25% par rapport \u00e0 l&rsquo;ann\u00e9e pass\u00e9e) et, sur les cinq premiers mois de l&rsquo;ann\u00e9e, elle est en recul de 10%.<\/p>\n<blockquote class=\"fig-quote&#10;    \">\n<p class=\"fig-quote__text\">\u00ab Il y a une envie de cin\u00e9ma, on n\u2019est pas en situation de crise.\u00a0\u00bb<\/p>\n<p>            Eric Marti, dirigeant de Comscore Movies France.\n    <\/p><\/blockquote>\n<p class=\"fig-paragraph\">Tout n&rsquo;est pas perdu pour 2025, veulent-ils cependant croire. \u00ab\u00a0Il y a une envie de cin\u00e9ma, on n&rsquo;est pas en situation de crise\u00a0\u00bb, assure Eric Marti, dirigeant de Comscore Movies France, sp\u00e9cialis\u00e9e dans l&rsquo;analyse du march\u00e9. L&rsquo;ann\u00e9e en cours souffre d&rsquo;une comparaison avec un cru exceptionnel, explique-t-il\u00a0: les cin\u00e9mas tricolores ont engrang\u00e9 181 millions d&rsquo;entr\u00e9es en 2024, les succ\u00e8s hexagonaux (20 millions d&rsquo;entr\u00e9es cumul\u00e9es pour Artus et Monte Cristo) compensant largement la panne du cin\u00e9ma am\u00e9ricain, cons\u00e9quence d&rsquo;une gr\u00e8ve \u00e0 Hollywood qui a retard\u00e9 les sorties.<\/p>\n<p>Des blockbusters&#8230; apr\u00e8s la F\u00eate du cin\u00e9ma<\/p>\n<p class=\"fig-paragraph\">Les blockbusters sont d\u00e9sormais de retour et aideront \u00e0 remplir les salles premium, Imax et Ice par exemple, tr\u00e8s pris\u00e9es et qui permettent de vendre des billets plus chers, souligne Eric Marti. Sont attendues, d\u00e8s le d\u00e9but des vacances, les sorties de\u00a0<a href=\"http:\/\/www.lefigaro.fr\/cinema\/dans-jurassic-world-renaissance-scarlett-johansson-prend-la-releve-de-chris-pratt-20250205\" target=\"_blank\" data-fig-type=\"Article\" rel=\"noopener\" data-gtm-custom-categorie=\"navigation\" data-gtm-custom-action=\"crossclick\" data-gtm-custom-label=\"Contextuel\" data-gtm-event=\"customEventSPE\" data-fig-domain=\"LEFIGARO\">Jurassic World\u00a0: Renaissance<\/a> \u00a0(4 juillet), d&rsquo;un nouveau Superman (9 juillet) et des 4 fantastiques, premiers pas (23 juillet).<\/p>\n<p class=\"fig-paragraph\">\u00c0 plus long terme, les cin\u00e9mas ont en ligne de mire la sortie, le 17 d\u00e9cembre, du nouvel Avatar, troisi\u00e8me volet d&rsquo;une saga championne toutes cat\u00e9gories du box-office mondial. C\u00f4t\u00e9 fran\u00e7ais, \u00ab\u00a0on n&rsquo;est jamais \u00e0 l&rsquo;abri d&rsquo;un gros succ\u00e8s\u00a0\u00bb, m\u00eame si la carri\u00e8re des films tricolores est toujours \u00abplus impr\u00e9visible\u00bb, rel\u00e8ve Eric Marti.<\/p>\n<p class=\"fig-paragraph\">Plusieurs com\u00e9dies sont sur les rangs\u00a0: le dernier Quentin Dupieux avec Ad\u00e8le Exarchopoulos (L&rsquo;Accident de piano, 2 juillet), un film marseillais avec Soprano (Marius et les Gardiens de la cit\u00e9 phoc\u00e9enne, 9 juillet) et un autre avec Kev Adams (Certains l&rsquo;aiment chauve, 16 juillet). Pour l&rsquo;instant, seuls les Tuche ont sorti leur \u00e9pingle du jeu, rassemblant 3 millions de spectateurs avec\u00a0<a href=\"http:\/\/www.lefigaro.fr\/cinema\/notre-critique-de-god-save-the-tuche-on-tuche-le-fond-20250203\" target=\"_blank\" data-fig-type=\"Article\" rel=\"noopener\" data-gtm-custom-categorie=\"navigation\" data-gtm-custom-action=\"crossclick\" data-gtm-custom-label=\"Contextuel\" data-gtm-event=\"customEventSPE\" data-fig-domain=\"LEFIGARO\">God Save the Tuche<\/a> \u00a0en d\u00e9but d&rsquo;ann\u00e9e.<\/p>\n","protected":false},"excerpt":{"rendered":"Les exploitants esp\u00e8rent que le dernier film avec Brad Pitt, F1, tirera le box-office vers le haut alors&hellip;\n","protected":false},"author":2,"featured_media":200947,"comment_status":"","ping_status":"","sticky":false,"template":"","format":"standard","meta":{"footnotes":""},"categories":[1359],"tags":[2084,2083,2080,2134,650,58,59,34059,2081,1346,1011,27,973,2082],"class_list":{"0":"post-200946","1":"post","2":"type-post","3":"status-publish","4":"format-standard","5":"has-post-thumbnail","7":"category-people","8":"tag-affiche","9":"tag-bandes-annonces","10":"tag-box-office","11":"tag-brad-pitt","12":"tag-cinema","13":"tag-divertissement","14":"tag-entertainment","15":"tag-fete-du-cinema","16":"tag-film","17":"tag-films","18":"tag-fr","19":"tag-france","20":"tag-people","21":"tag-salles"},"share_on_mastodon":{"url":"https:\/\/pubeurope.com\/@fr\/114738887680754933","error":""},"_links":{"self":[{"href":"https:\/\/www.europesays.com\/fr\/wp-json\/wp\/v2\/posts\/200946","targetHints":{"allow":["GET"]}}],"collection":[{"href":"https:\/\/www.europesays.com\/fr\/wp-json\/wp\/v2\/posts"}],"about":[{"href":"https:\/\/www.europesays.com\/fr\/wp-json\/wp\/v2\/types\/post"}],"author":[{"embeddable":true,"href":"https:\/\/www.europesays.com\/fr\/wp-json\/wp\/v2\/users\/2"}],"replies":[{"embeddable":true,"href":"https:\/\/www.europesays.com\/fr\/wp-json\/wp\/v2\/comments?post=200946"}],"version-history":[{"count":0,"href":"https:\/\/www.europesays.com\/fr\/wp-json\/wp\/v2\/posts\/200946\/revisions"}],"wp:featuredmedia":[{"embeddable":true,"href":"https:\/\/www.europesays.com\/fr\/wp-json\/wp\/v2\/media\/200947"}],"wp:attachment":[{"href":"https:\/\/www.europesays.com\/fr\/wp-json\/wp\/v2\/media?parent=200946"}],"wp:term":[{"taxonomy":"category","embeddable":true,"href":"https:\/\/www.europesays.com\/fr\/wp-json\/wp\/v2\/categories?post=200946"},{"taxonomy":"post_tag","embeddable":true,"href":"https:\/\/www.europesays.com\/fr\/wp-json\/wp\/v2\/tags?post=200946"}],"curies":[{"name":"wp","href":"https:\/\/api.w.org\/{rel}","templated":true}]}}