{"id":200948,"date":"2025-06-24T14:47:14","date_gmt":"2025-06-24T14:47:14","guid":{"rendered":"https:\/\/www.europesays.com\/fr\/200948\/"},"modified":"2025-06-24T14:47:14","modified_gmt":"2025-06-24T14:47:14","slug":"une-sculpture-en-hommage-aux-fusilles-de-la-ville","status":"publish","type":"post","link":"https:\/\/www.europesays.com\/fr\/200948\/","title":{"rendered":"une sculpture en hommage aux fusill\u00e9s de la ville"},"content":{"rendered":"<p>            Par<br \/>\n        <strong><br \/>\n            <a href=\"https:\/\/actu.fr\/auteur\/journaliste-er\" title=\"Consulter tous les articles de R\u00e9daction Ch\u00e2teaubriant\" rel=\"nofollow noopener\" target=\"_blank\">R\u00e9daction Ch\u00e2teaubriant<\/a><br \/>\n        <\/strong><\/p>\n<p>        Publi\u00e9 le<\/p>\n<p>            24 juin 2025 \u00e0 10h48        <\/p>\n<p>L\u2019association des Amis du <b>Mus\u00e9e de la R\u00e9sistance<\/b> de <b>Ch\u00e2teaubriant <\/b>(Loire-Atlantique), organise en l\u2019honneur de cette \u0153uvre de m\u00e9moire une <b>inauguration <\/b>qui aura lieu le <b>jeudi 3\u00a0juillet 2025<\/b> au mus\u00e9e. Cet entretien de la sculpture r\u00e9unit des \u00e9l\u00e8ves, des professionnels et des m\u00e9c\u00e8nes autour de ce projet.<\/p>\n<p>Ch\u00e2teaubriant\u2009: une sculpture en hommage aux fusill\u00e9s de la ville<\/p>\n<p class=\" wall-content\">Depuis sa r\u00e9ception au mus\u00e9e en 2022 par Lo\u00efc Le Gal du comit\u00e9 44, des <b>parties de la sculpture \u00e9taient fragilis\u00e9es,<\/b> ce qui a conduit \u00e0 sa valorisation.<\/p>\n<p class=\" wall-content\">Toutefois, \u00ab\u2009l\u2019\u0153uvre \u00e0 ses d\u00e9buts ne devait pas \u00eatre int\u00e9gr\u00e9e dans des lieux priv\u00e9s, <b>mais publics\u2009\u00bb<\/b>, raconte M\u00e9lanie Albert, charg\u00e9e de m\u00e9diation et de patrimoine historique.<\/p>\n<p class=\" wall-content\">Anne-Marie Geffroy, restauratrice du patrimoine qui a d\u00e9j\u00e0 \u00e9t\u00e9 appel\u00e9e pour une action similaire par le mus\u00e9e, a stabilis\u00e9 l\u2019\u0153uvre, gr\u00e2ce \u00e0 son travail. Monique Arradon et l\u2019association des Amis du Mus\u00e9e ont \u00e9galement particip\u00e9 \u00e0 son financement.<\/p>\n<p>    <img   decoding=\"async\" loading=\"lazy\" class=\"size-large\" src=\"https:\/\/www.europesays.com\/fr\/wp-content\/uploads\/2025\/06\/be8c39d355586929c39d35558669c3v-960x640.jpg\" alt=\"Mus\u00e9e de la R\u00e9sistance\" width=\"960\" height=\"640\"\/><br \/>\n    L\u2019\u00e9v\u00e8nement se tiendra au mus\u00e9e de la R\u00e9sistance de Ch\u00e2teaubriant (Loire-Atlantique). \u00a9Mus\u00e9e de la R\u00e9sistanceVid\u00e9os : en ce moment sur ActuL\u2019\u00e9cole Wood\u2019Up, un partenaire impliqu\u00e9<\/p>\n<p class=\" wall-content\">Des <b>\u00e9l\u00e8ves de l\u2019\u00e9cole Wood\u2019Up<\/b> \u00e0 Ch\u00e2teaubriant ont \u00e9galement particip\u00e9 \u00e0 la mise en \u0153uvre de la sculpture en <b>concevant un meuble de pr\u00e9sentation.<\/b><\/p>\n<p class=\" wall-content\">Ce d\u00e9fi a \u00e9galement permis de mobiliser les comp\u00e9tences et l\u2019inventivit\u00e9 des jeunes, tout en respectant les demandes de l\u2019artiste\u2009: un meuble aux formes arrondies, int\u00e9grant un syst\u00e8me d\u2019\u00e9clairage.<\/p>\n<p class=\" wall-content\">Pr\u00e8s de<b> 3\u2009700\u00a0\u20ac sont financ\u00e9s par TotalEnergies<\/b>, montrant l\u2019engagement de l\u2019entreprise. 1 000 \u20ac sont financ\u00e9s par l\u2019association, dont 400 \u20ac qui proviennent des fonds personnels de Monique Arradon.<\/p>\n<p>Les auteurs du projet pr\u00e9sents \u00e0 l\u2019\u00e9v\u00e9nement<\/p>\n<p class=\" wall-content\">Les \u00e9l\u00e8ves de Wood\u2019Up seront pr\u00e9sents ainsi que leur famille, l\u2019\u00e9quipe p\u00e9dagogique et les administrateurs de l\u2019\u00e9cole. Il y aura un repr\u00e9sentant de TotalEnergies et de l\u2019association Monique Arradon.<\/p>\n<p class=\" wall-content\">Les administrateurs du mus\u00e9e et Alain Bellet secr\u00e9taire de l\u2019association seront \u00e9galement pr\u00e9sents. \u00ab\u2009Il y aura une<b> cinquantaine de personnes convi\u00e9es\u2009\u00bb,<\/b> confie M\u00e9lanie Albert.<\/p>\n<p class=\" wall-content\">L\u2019inauguration va permettre d\u2019entretenir la m\u00e9moire et de montrer le soutien qu\u2019ont apport\u00e9 les auteurs de la restauration de la sculpture. Cela montre bien l\u2019engagement que porte le mus\u00e9e envers la m\u00e9moire.<\/p>\n<p class=\" wall-content\">Elle se d\u00e9roulera le<b> jeudi 3\u00a0juillet 2025 \u00e0 11\u2009h<\/b> au mus\u00e9e de la r\u00e9sistance. Cependant, elle n\u2019est pas accessible au grand public, <b>uniquement aux partenaires<\/b>.<\/p>\n<p class=\" wall-content\"><b>Isalyne Merlet et Erin Alzi (stagiaires)<\/b><\/p>\n<p class=\" wall-content\">Suivez toute l\u2019actualit\u00e9 de vos villes et m\u00e9dias favoris en vous inscrivant \u00e0 <a href=\"https:\/\/moncompte.actu.fr\" title=\"D\u00e9couvez Mon Actu\" rel=\"nofollow noopener\" data-trk=\"{&quot;cta&quot;:{&quot;action&quot;:&quot;https:\\\/\\\/moncompte.actu.fr&quot;,&quot;category&quot;:&quot;mon compte&quot;,&quot;from&quot;:&quot;article footer&quot;,&quot;name&quot;:&quot;Mon actu&quot;,&quot;type&quot;:&quot;cta&quot;}}\" target=\"_blank\">Mon Actu<\/a>.<\/p>\n","protected":false},"excerpt":{"rendered":"Par R\u00e9daction Ch\u00e2teaubriant Publi\u00e9 le 24 juin 2025 \u00e0 10h48 L\u2019association des Amis du Mus\u00e9e de la R\u00e9sistance&hellip;\n","protected":false},"author":2,"featured_media":200949,"comment_status":"","ping_status":"","sticky":false,"template":"","format":"standard","meta":{"footnotes":""},"categories":[1358],"tags":[1348,1384,1385,1386,58,59,1011,27,104],"class_list":{"0":"post-200948","1":"post","2":"type-post","3":"status-publish","4":"format-standard","5":"has-post-thumbnail","7":"category-arts-et-design","8":"tag-arts","9":"tag-arts-and-design","10":"tag-arts-et-design","11":"tag-design","12":"tag-divertissement","13":"tag-entertainment","14":"tag-fr","15":"tag-france","16":"tag-societe"},"share_on_mastodon":{"url":"https:\/\/pubeurope.com\/@fr\/114738891579439100","error":""},"_links":{"self":[{"href":"https:\/\/www.europesays.com\/fr\/wp-json\/wp\/v2\/posts\/200948","targetHints":{"allow":["GET"]}}],"collection":[{"href":"https:\/\/www.europesays.com\/fr\/wp-json\/wp\/v2\/posts"}],"about":[{"href":"https:\/\/www.europesays.com\/fr\/wp-json\/wp\/v2\/types\/post"}],"author":[{"embeddable":true,"href":"https:\/\/www.europesays.com\/fr\/wp-json\/wp\/v2\/users\/2"}],"replies":[{"embeddable":true,"href":"https:\/\/www.europesays.com\/fr\/wp-json\/wp\/v2\/comments?post=200948"}],"version-history":[{"count":0,"href":"https:\/\/www.europesays.com\/fr\/wp-json\/wp\/v2\/posts\/200948\/revisions"}],"wp:featuredmedia":[{"embeddable":true,"href":"https:\/\/www.europesays.com\/fr\/wp-json\/wp\/v2\/media\/200949"}],"wp:attachment":[{"href":"https:\/\/www.europesays.com\/fr\/wp-json\/wp\/v2\/media?parent=200948"}],"wp:term":[{"taxonomy":"category","embeddable":true,"href":"https:\/\/www.europesays.com\/fr\/wp-json\/wp\/v2\/categories?post=200948"},{"taxonomy":"post_tag","embeddable":true,"href":"https:\/\/www.europesays.com\/fr\/wp-json\/wp\/v2\/tags?post=200948"}],"curies":[{"name":"wp","href":"https:\/\/api.w.org\/{rel}","templated":true}]}}