{"id":200950,"date":"2025-06-24T14:48:11","date_gmt":"2025-06-24T14:48:11","guid":{"rendered":"https:\/\/www.europesays.com\/fr\/200950\/"},"modified":"2025-06-24T14:48:11","modified_gmt":"2025-06-24T14:48:11","slug":"a-gourin-214-livres-ont-trouve-preneur-lors-dune-vente-organisee-par-la-mediatheque","status":"publish","type":"post","link":"https:\/\/www.europesays.com\/fr\/200950\/","title":{"rendered":"\u00c0 Gourin, 214\u00a0livres ont trouv\u00e9 preneur lors d\u2019une vente organis\u00e9e par la m\u00e9diath\u00e8que"},"content":{"rendered":"<p>214 livres ont trouv\u00e9 une seconde vie au sein de 26 foyers diff\u00e9rents dans le cadre de la vente qui s\u2019est tenue samedi 21 juin 2025, toute la journ\u00e9e, \u00e0 la m\u00e9diath\u00e8que-ludoth\u00e8que de Gourin. Chaque livre \u00e9tait vendu 1 \u20ac l\u2019unit\u00e9, les livres de poche \u00e9taient vendus 1 \u20ac les deux et les revues 1 \u20ac les quatre. \u00ab\u00a0Les romans ont majoritairement s\u00e9duit les publics avec un total de 77 exemplaires vendus, suivis des documentaires (69 exemplaires vendus), les romans poche (33 exemplaires vendus), les BD (19 exemplaires vendus) et les livres jeunesse (seize exemplaires vendus)\u00a0\u00bb, d\u00e9taille Claire Le Men\u00e9, responsable de la m\u00e9diath\u00e8que. Les b\u00e9n\u00e9fices serviront \u00e0 acqu\u00e9rir d\u2019autres documents.<\/p>\n<p><b>Pratique<\/b><\/p>\n<p class=\"note\">La m\u00e9diath\u00e8que proposera une nouvelle vente de livres, samedi 28 juin, l\u2019apr\u00e8s-midi uniquement, de 13\u00a0h\u00a030 \u00e0 16\u00a0h\u00a030.<\/p>\n","protected":false},"excerpt":{"rendered":"214 livres ont trouv\u00e9 une seconde vie au sein de 26 foyers diff\u00e9rents dans le cadre de la&hellip;\n","protected":false},"author":2,"featured_media":200951,"comment_status":"","ping_status":"","sticky":false,"template":"","format":"standard","meta":{"footnotes":""},"categories":[1357],"tags":[1379,251,58,59,1011,27,4222,1351,1380,16582],"class_list":{"0":"post-200950","1":"post","2":"type-post","3":"status-publish","4":"format-standard","5":"has-post-thumbnail","7":"category-livres","8":"tag-books","9":"tag-culture","10":"tag-divertissement","11":"tag-entertainment","12":"tag-fr","13":"tag-france","14":"tag-gourin","15":"tag-litterature","16":"tag-livres","17":"tag-mediatheque"},"share_on_mastodon":{"url":"https:\/\/pubeurope.com\/@fr\/114738895542093735","error":""},"_links":{"self":[{"href":"https:\/\/www.europesays.com\/fr\/wp-json\/wp\/v2\/posts\/200950","targetHints":{"allow":["GET"]}}],"collection":[{"href":"https:\/\/www.europesays.com\/fr\/wp-json\/wp\/v2\/posts"}],"about":[{"href":"https:\/\/www.europesays.com\/fr\/wp-json\/wp\/v2\/types\/post"}],"author":[{"embeddable":true,"href":"https:\/\/www.europesays.com\/fr\/wp-json\/wp\/v2\/users\/2"}],"replies":[{"embeddable":true,"href":"https:\/\/www.europesays.com\/fr\/wp-json\/wp\/v2\/comments?post=200950"}],"version-history":[{"count":0,"href":"https:\/\/www.europesays.com\/fr\/wp-json\/wp\/v2\/posts\/200950\/revisions"}],"wp:featuredmedia":[{"embeddable":true,"href":"https:\/\/www.europesays.com\/fr\/wp-json\/wp\/v2\/media\/200951"}],"wp:attachment":[{"href":"https:\/\/www.europesays.com\/fr\/wp-json\/wp\/v2\/media?parent=200950"}],"wp:term":[{"taxonomy":"category","embeddable":true,"href":"https:\/\/www.europesays.com\/fr\/wp-json\/wp\/v2\/categories?post=200950"},{"taxonomy":"post_tag","embeddable":true,"href":"https:\/\/www.europesays.com\/fr\/wp-json\/wp\/v2\/tags?post=200950"}],"curies":[{"name":"wp","href":"https:\/\/api.w.org\/{rel}","templated":true}]}}