{"id":200978,"date":"2025-06-24T15:03:32","date_gmt":"2025-06-24T15:03:32","guid":{"rendered":"https:\/\/www.europesays.com\/fr\/200978\/"},"modified":"2025-06-24T15:03:32","modified_gmt":"2025-06-24T15:03:32","slug":"trolleybus-a-nancy-le-detecteur-de-pietons-desactive-dans-tous-les-vehicules-voici-pourquoi","status":"publish","type":"post","link":"https:\/\/www.europesays.com\/fr\/200978\/","title":{"rendered":"Trolleybus \u00e0 Nancy. Le d\u00e9tecteur de pi\u00e9tons d\u00e9sactiv\u00e9 dans tous les v\u00e9hicules : voici pourquoi"},"content":{"rendered":"<p>            Par<br \/>\n        <strong><br \/>\n            <a href=\"https:\/\/actu.fr\/auteur\/pierre-emile-bouchy-actu-fr\" title=\"Consulter tous les articles de Paul-Emile Bouchy\" target=\"_blank\" rel=\"noopener\">Paul-Emile Bouchy<\/a><br \/>\n        <\/strong><\/p>\n<p>        Publi\u00e9 le<\/p>\n<p>            24 juin 2025 \u00e0 16h13        <\/p>\n<p>Inaugur\u00e9 <a href=\"https:\/\/actu.fr\/grand-est\/nancy_54395\/lancement-du-trolleybus-a-nancy-revivez-en-images-cette-journee-inaugurale_62472271.html\" target=\"_blank\" rel=\"noopener\">d\u00e9but avril \u00e0 Nancy<\/a>, le <a href=\"https:\/\/actu.fr\/tag\/trolleybus\" target=\"_blank\" rel=\"noopener\">trolleybus<\/a> a rapidement <a href=\"https:\/\/actu.fr\/grand-est\/nancy_54395\/nancy-des-premiers-voyageurs-seduits-par-le-nouveau-trolleybus-il-y-a-de-gros-progres-par-rapport-au-tram_62472483.html\" target=\"_blank\" rel=\"noopener\">s\u00e9duit ses premiers voyageurs<\/a>. N\u00e9anmoins, quelques ajustements sont toujours en cours comme <a href=\"https:\/\/actu.fr\/grand-est\/nancy_54395\/le-bruit-de-la-clochette-du-trolleybus-agace-des-habitants-a-nancy-voici-les-mesures-prises-par-keolis_62800795.html\" target=\"_blank\" rel=\"noopener\">sa clochette qui agace des habitants<\/a>.<\/p>\n<p class=\" wall-content\">Les conducteurs du <a href=\"https:\/\/actu.fr\/tag\/reseau-stan\" target=\"_blank\" rel=\"noopener\">r\u00e9seau Stan<\/a> ont aussi fait part d\u2019<strong>un probl\u00e8me li\u00e9 au d\u00e9tecteur de pi\u00e9tons<\/strong> qui a pouss\u00e9 Keolis \u00e0 neutraliser ce syst\u00e8me. On vous explique pourquoi.<\/p>\n<p>\u00ab\u00a0Un signal sonore assez assourdissant\u00a0\u00bb pour les conducteurs du trolleybus<\/p>\n<p class=\" wall-content\">Pour avertir de la pr\u00e9sence d\u2019un obstacle ou d\u2019un pi\u00e9ton dans un angle mort, le trolleybus est \u00e9quip\u00e9 d\u2019<strong>un avertisseur d\u2019obstacles qui alerte le conducteur<\/strong> par un signal visuel et un visuel sonore.<\/p>\n<p class=\" wall-content\">Or, ce dispositif \u00e9tait visiblement trop efficace, comme nous l\u2019explique Ga\u00eblle Bardoul, directrice de Keolis Grand Nancy : \u00ab\u00a0Les conducteurs nous ont fait remonter que <strong>la d\u00e9tection \u00e9tait trop sensible<\/strong>. <strong>Elle d\u00e9tectait tout le temps les pi\u00e9tons, m\u00eame quand ils sortaient des commerces de la rue Saint-Jean<\/strong>. Cela envoyait un signal visuel et sonore assez assourdissant tout le long de la ligne.\u00a0\u00bb<\/p>\n<p>L\u2019avertisseur neutralis\u00e9 temporairement sur tous les v\u00e9hicules<\/p>\n<p class=\" wall-content\">Face \u00e0 cette situation, Keolis a pris la d\u00e9cision de \u00ab\u00a0neutraliser temporairement\u00a0\u00bb le syst\u00e8me. \u00ab\u00a0On a demand\u00e9 au constructeur Hess de <strong>travailler \u00e0 un param\u00e9trage de ce syst\u00e8me et de le tester quand il sera pr\u00eat<\/strong> sur un seul v\u00e9hicule avant de le red\u00e9ployer sur toute la flotte\u00a0\u00bb, indique la directrice.<\/p>\n<p class=\" wall-content\">Est-ce que cela pose un probl\u00e8me s\u00e9curitaire ? Non, d\u2019apr\u00e8s Keolis. \u00ab\u00a0C\u2019est un outil d\u2019aide \u00e0 la conduite. <strong>Si cela avait \u00e9t\u00e9 un outil s\u00e9curitaire, nous n\u2019aurions pas pu le neutraliser.<\/strong> Nous avions bien fait une demande pour savoir si nous pouvions le neutraliser et on nous a dit que c\u2019\u00e9tait possible\u00a0\u00bb, conclut Mme Bardoul.<\/p>\n<p class=\" wall-content\">Suivez toute l\u2019actualit\u00e9 de vos villes et m\u00e9dias favoris en vous inscrivant \u00e0 <a href=\"https:\/\/moncompte.actu.fr\" title=\"D\u00e9couvez Mon Actu\" rel=\"nofollow noopener\" data-trk=\"{&quot;cta&quot;:{&quot;action&quot;:&quot;https:\\\/\\\/moncompte.actu.fr&quot;,&quot;category&quot;:&quot;mon compte&quot;,&quot;from&quot;:&quot;article footer&quot;,&quot;name&quot;:&quot;Mon actu&quot;,&quot;type&quot;:&quot;cta&quot;}}\" target=\"_blank\">Mon Actu<\/a>.<\/p>\n","protected":false},"excerpt":{"rendered":"Par Paul-Emile Bouchy Publi\u00e9 le 24 juin 2025 \u00e0 16h13 Inaugur\u00e9 d\u00e9but avril \u00e0 Nancy, le trolleybus a&hellip;\n","protected":false},"author":2,"featured_media":198085,"comment_status":"","ping_status":"","sticky":false,"template":"","format":"standard","meta":{"footnotes":""},"categories":[9635],"tags":[1111,11,1777,674,1011,27,775,1702,12,25,9849,104,9850],"class_list":{"0":"post-200978","1":"post","2":"type-post","3":"status-publish","4":"format-standard","5":"has-post-thumbnail","7":"category-nancy","8":"tag-actu","9":"tag-actualites","10":"tag-eu","11":"tag-europe","12":"tag-fr","13":"tag-france","14":"tag-grand-est","15":"tag-nancy","16":"tag-news","17":"tag-republique-francaise","18":"tag-reseau-stan","19":"tag-societe","20":"tag-trolleybus"},"share_on_mastodon":{"url":"https:\/\/pubeurope.com\/@fr\/114738954461745610","error":""},"_links":{"self":[{"href":"https:\/\/www.europesays.com\/fr\/wp-json\/wp\/v2\/posts\/200978","targetHints":{"allow":["GET"]}}],"collection":[{"href":"https:\/\/www.europesays.com\/fr\/wp-json\/wp\/v2\/posts"}],"about":[{"href":"https:\/\/www.europesays.com\/fr\/wp-json\/wp\/v2\/types\/post"}],"author":[{"embeddable":true,"href":"https:\/\/www.europesays.com\/fr\/wp-json\/wp\/v2\/users\/2"}],"replies":[{"embeddable":true,"href":"https:\/\/www.europesays.com\/fr\/wp-json\/wp\/v2\/comments?post=200978"}],"version-history":[{"count":0,"href":"https:\/\/www.europesays.com\/fr\/wp-json\/wp\/v2\/posts\/200978\/revisions"}],"wp:featuredmedia":[{"embeddable":true,"href":"https:\/\/www.europesays.com\/fr\/wp-json\/wp\/v2\/media\/198085"}],"wp:attachment":[{"href":"https:\/\/www.europesays.com\/fr\/wp-json\/wp\/v2\/media?parent=200978"}],"wp:term":[{"taxonomy":"category","embeddable":true,"href":"https:\/\/www.europesays.com\/fr\/wp-json\/wp\/v2\/categories?post=200978"},{"taxonomy":"post_tag","embeddable":true,"href":"https:\/\/www.europesays.com\/fr\/wp-json\/wp\/v2\/tags?post=200978"}],"curies":[{"name":"wp","href":"https:\/\/api.w.org\/{rel}","templated":true}]}}