{"id":200987,"date":"2025-06-24T15:08:08","date_gmt":"2025-06-24T15:08:08","guid":{"rendered":"https:\/\/www.europesays.com\/fr\/200987\/"},"modified":"2025-06-24T15:08:08","modified_gmt":"2025-06-24T15:08:08","slug":"grele-rafales-de-puissants-orages-attendus-en-seine-maritime-on-vous-dit-quand","status":"publish","type":"post","link":"https:\/\/www.europesays.com\/fr\/200987\/","title":{"rendered":"Gr\u00eale, rafales&#8230; De puissants orages attendus en Seine-Maritime : on vous dit quand"},"content":{"rendered":"<p>            Par<br \/>\n        <strong><br \/>\n            <a href=\"https:\/\/actu.fr\/auteur\/thomas-rideau\" title=\"Consulter tous les articles de Thomas Rideau\" rel=\"nofollow noopener\" target=\"_blank\">Thomas Rideau<\/a><br \/>\n        <\/strong><\/p>\n<p>        Publi\u00e9 le<\/p>\n<p>            24 juin 2025 \u00e0 16h40        <\/p>\n<p>Gr\u00eale, rafales, fortes pluies et <strong>forte activit\u00e9 \u00e9lectrique<\/strong>\u2026 la soir\u00e9e du mercredi 25\u00a0juin 2025 risque d\u2019\u00eatre mouvement\u00e9e en <a href=\"https:\/\/actu.fr\/76actu\/\" rel=\"nofollow noopener\" target=\"_blank\">Seine-Maritime<\/a>. Ce mardi 24 juin 2025, M\u00e9t\u00e9o France vient de d\u00e9clencher sa vigilance orange aux orages pour le d\u00e9partement.<\/p>\n<p class=\" wall-content\">L\u2019alerte concerne tous les d\u00e9partements normands, mais l\u2019observatoire pr\u00e9cise que ces orages sont attendus pour ce mercredi 25 juin aux alentours de 16h.<\/p>\n<p>Des gr\u00ealons de cinq centim\u00e8tres ?<\/p>\n<p class=\" wall-content\">\u00ab\u2009Les enjeux essentiels concernent les fortes intensit\u00e9s pluvieuses (30 \u00e0 50\u00a0mm en 1 \u00e0 2\u00a0heures), localement des chutes <strong>de gr\u00eale de taille moyenne \u00e0 grosse<\/strong> (jusqu\u2019\u00e0 2 \u00e0 5\u00a0cm), et des rafales pouvant atteindre les 100\u00a0km\/h\u2009\u00bb, pr\u00e9cise M\u00e9t\u00e9o France qui pr\u00e9voit donc un <a href=\"https:\/\/actu.fr\/meteo\/meteo-orages-et-vents-violents-en-seine-maritime-les-ponts-interdits-aux-deux-roues_62769509.html\" rel=\"nofollow noopener\" target=\"_blank\">\u00e9v\u00e9nement similaire<\/a> \u00e0 celui de vendredi 13\u00a0juin.<\/p>\n<p class=\" wall-content\">\n<p class=\" wall-content\">Suivez toute l\u2019actualit\u00e9 de vos villes et m\u00e9dias favoris en vous inscrivant \u00e0 <a href=\"https:\/\/moncompte.actu.fr\" title=\"D\u00e9couvez Mon Actu\" rel=\"nofollow noopener\" data-trk=\"{&quot;cta&quot;:{&quot;action&quot;:&quot;https:\\\/\\\/moncompte.actu.fr&quot;,&quot;category&quot;:&quot;mon compte&quot;,&quot;from&quot;:&quot;article footer&quot;,&quot;name&quot;:&quot;Mon actu&quot;,&quot;type&quot;:&quot;cta&quot;}}\" target=\"_blank\">Mon Actu<\/a>.<\/p>\n","protected":false},"excerpt":{"rendered":"Par Thomas Rideau Publi\u00e9 le 24 juin 2025 \u00e0 16h40 Gr\u00eale, rafales, fortes pluies et forte activit\u00e9 \u00e9lectrique\u2026&hellip;\n","protected":false},"author":2,"featured_media":200988,"comment_status":"","ping_status":"","sticky":false,"template":"","format":"standard","meta":{"footnotes":""},"categories":[9587],"tags":[1111,11,1777,674,1011,27,2357,12,5161,4594,25,9590,104],"class_list":{"0":"post-200987","1":"post","2":"type-post","3":"status-publish","4":"format-standard","5":"has-post-thumbnail","7":"category-rouen","8":"tag-actu","9":"tag-actualites","10":"tag-eu","11":"tag-europe","12":"tag-fr","13":"tag-france","14":"tag-meteo-france","15":"tag-news","16":"tag-normandie","17":"tag-orages","18":"tag-republique-francaise","19":"tag-rouen","20":"tag-societe"},"share_on_mastodon":{"url":"https:\/\/pubeurope.com\/@fr\/114738974116780783","error":""},"_links":{"self":[{"href":"https:\/\/www.europesays.com\/fr\/wp-json\/wp\/v2\/posts\/200987","targetHints":{"allow":["GET"]}}],"collection":[{"href":"https:\/\/www.europesays.com\/fr\/wp-json\/wp\/v2\/posts"}],"about":[{"href":"https:\/\/www.europesays.com\/fr\/wp-json\/wp\/v2\/types\/post"}],"author":[{"embeddable":true,"href":"https:\/\/www.europesays.com\/fr\/wp-json\/wp\/v2\/users\/2"}],"replies":[{"embeddable":true,"href":"https:\/\/www.europesays.com\/fr\/wp-json\/wp\/v2\/comments?post=200987"}],"version-history":[{"count":0,"href":"https:\/\/www.europesays.com\/fr\/wp-json\/wp\/v2\/posts\/200987\/revisions"}],"wp:featuredmedia":[{"embeddable":true,"href":"https:\/\/www.europesays.com\/fr\/wp-json\/wp\/v2\/media\/200988"}],"wp:attachment":[{"href":"https:\/\/www.europesays.com\/fr\/wp-json\/wp\/v2\/media?parent=200987"}],"wp:term":[{"taxonomy":"category","embeddable":true,"href":"https:\/\/www.europesays.com\/fr\/wp-json\/wp\/v2\/categories?post=200987"},{"taxonomy":"post_tag","embeddable":true,"href":"https:\/\/www.europesays.com\/fr\/wp-json\/wp\/v2\/tags?post=200987"}],"curies":[{"name":"wp","href":"https:\/\/api.w.org\/{rel}","templated":true}]}}