{"id":200989,"date":"2025-06-24T15:10:17","date_gmt":"2025-06-24T15:10:17","guid":{"rendered":"https:\/\/www.europesays.com\/fr\/200989\/"},"modified":"2025-06-24T15:10:17","modified_gmt":"2025-06-24T15:10:17","slug":"entreprises-gem-partenaire-de-stanford-le-groupe-seb-leve-500-millions-deuros-leur-actu-en-bref","status":"publish","type":"post","link":"https:\/\/www.europesays.com\/fr\/200989\/","title":{"rendered":"Entreprises. GEM partenaire de Stanford ! Le groupe SEB l\u00e8ve 500 millions d\u2019euros&#8230; Leur actu en bref"},"content":{"rendered":"<p>  &#13;<br \/>\n      <a href=\"https:\/\/cdn-s-www.ledauphine.com\/images\/aa1b4148-dceb-4765-85af-6142db8db52b\/NW_raw\/grenoble-ecole-de-management-(gem)-vient-de-franchir-le-un-cap-symbolique-des-230-partenariats-suite-a-ce-rapprochement-avec-standford-photo-gem-1750773215.jpg\" title=\"Grenoble \u00c9cole de Management (GEM) vient de franchir le un cap symbolique des 230 partenariats suite \u00e0 ce rapprochement avec Standford.\u00a0Photo GEM\" class=\"chocolat-image GA-tracking\" data-ga_type=\"click\" data-ga_category=\"D\u00e9tail\" data-ga_action=\"zoomer\" data-ga_label=\"agrandir image\" target=\"_blank\" rel=\"noopener\">&#13;<br \/>\n          <img loading=\"lazy\" decoding=\"async\" src=\"https:\/\/www.europesays.com\/fr\/wp-content\/uploads\/2025\/06\/grenoble-ecole-de-management-(gem)-vient-de-franchir-le-un-cap-symbolique-des-230-partenariats-suite.jpeg\" data-mobile=\"NW_listC_M|1750773215\" data-base=\"NW_listC|1750773215\" alt=\"Grenoble \u00c9cole de Management (GEM) vient de franchir le un cap symbolique des 230 partenariats suite \u00e0 ce rapprochement avec Standford.\u00a0Photo GEM\"\/>&#13;<br \/>\n      <\/a>&#13;<\/p>\n<p>Grenoble \u00c9cole de Management (GEM) vient de franchir le un cap symbolique des 230 partenariats suite \u00e0 ce rapprochement avec Standford.\u00a0Photo GEM<\/p>\n<p>&#13;<\/p>\n<p>  Is\u00e8re :\u00a0GEM signe avec Stanford University<\/p>\n<p>Grenoble \u00c9cole de Management (GEM) vient de franchir le un cap symbolique\u00a0des 230 partenariats acad\u00e9miques internationaux actifs dans plus de 45 pays. Parmi les derni\u00e8res signatures majeures : on note celle avec l&rsquo;universit\u00e9 de Stanford (\u00c9tats-Unis), situ\u00e9e dans la\u00a0Silicon Valley\u00a0au sud de\u00a0San Francisco.\u00a0Sans oublier l&rsquo;UCSB Funda\u00e7\u00e3o Dom Cabral (Br\u00e9sil) ou encore l\u2019Universit\u00e9 de Tongji (Chine).<\/p>\n<p>\u00c0 partir de juin 2026, des \u00e9tudiants de GEM pourront donc int\u00e9grer le tr\u00e8s s\u00e9lectif Stanford International Honors Program (IHP)\u00a0: un programme de huit semaines sur le campus de l\u2019universit\u00e9 californienne qui m\u00eale \u00ab excellence acad\u00e9mique et innovation technologique\u00a0\u00bb.<\/p>\n<p>Pour GEM, cette nouvelle alliance avec Stanford University s\u2019inscrit dans une dynamique plus large d\u2019ouverture internationale port\u00e9e par la strat\u00e9gie \u00a0\u00bbEagle 2030\u00a0\u00bb. D\u00e8s 2025-2026,\u00a0l&rsquo;\u00e9cole grenobloise ouvrira un campus \u00e0 Duba\u00ef, d\u00e9veloppera deux hubs acad\u00e9miques au Canada et en Chine, tout en continuant \u00e0 d\u00e9velopper de nouveaux partenariats structurants autour du globe.<\/p>\n<p>  &#13;<br \/>\n      <a href=\"https:\/\/cdn-s-www.ledauphine.com\/images\/3e9c81f2-cc4b-4816-ba37-a90451cf0cc9\/NW_raw\/christophe-soulhiard-president-du-comite-strategique-du-groupe-1745428097.jpg\" title=\"Christophe Soulhiard,\u00a0pr\u00e9sident du comit\u00e9 strat\u00e9gique du groupe.\u00a0\" class=\"chocolat-image GA-tracking\" data-ga_type=\"click\" data-ga_category=\"D\u00e9tail\" data-ga_action=\"zoomer\" data-ga_label=\"agrandir image\" target=\"_blank\" rel=\"noopener\">&#13;<br \/>\n          <img loading=\"lazy\" decoding=\"async\" src=\"https:\/\/www.europesays.com\/fr\/wp-content\/uploads\/2025\/06\/christophe-soulhiard-president-du-comite-strategique-du-groupe-1745428097.jpg\" data-mobile=\"NW_listC_M|1745428097\" data-base=\"NW_listC|1745428097\" alt=\"Christophe Soulhiard,\u00a0pr\u00e9sident du comit\u00e9 strat\u00e9gique du groupe.\u00a0\"\/>&#13;<br \/>\n      <\/a>&#13;<\/p>\n<p>Christophe Soulhiard,\u00a0pr\u00e9sident du comit\u00e9 strat\u00e9gique du groupe.<\/p>\n<p>\u00a0<\/p>\n<p>&#13;<\/p>\n<p>  Dr\u00f4me &#8211; Ard\u00e8che : Comptoir Rhodanien poursuit son d\u00e9veloppement avec l\u2019acquisition de Fruits 2000<\/p>\n<p>Le groupe Comptoir Rhodanien, <a href=\"https:\/\/www.ledauphine.com\/economie\/2024\/04\/22\/comptoir-rhodanien-la-passion-des-produits-et-des-hommes\" target=\"_blank\" rel=\"noopener\">acteur r\u00e9f\u00e9rence de la fili\u00e8re fruits<\/a> dans la Vall\u00e9e du Rh\u00f4ne, a rachet\u00e9\u00a0Fruits 2000. Cette soci\u00e9t\u00e9 bas\u00e9e en Ard\u00e8che est sp\u00e9cialis\u00e9e dans le conditionnement et l\u2019exp\u00e9dition de fruits (cerises, abricots, ch\u00e2taignes, noix, kiwis)\u00a0vers des distributeurs grossistes sp\u00e9cialis\u00e9s et la grande distribution europ\u00e9enne.<\/p>\n<p>Cette croissance externe permet \u00e0 l&rsquo;entreprise dr\u00f4moise de se rapprocher d\u2019un chiffre d\u2019affaires proforma de 100 M\u20ac et fait suite \u00e0 deux acquisitions dans <a href=\"https:\/\/www.ledauphine.com\/economie\/2025\/04\/23\/ce-jeudi-le-comptoir-rhodanien-accueille-ses-partenaires-producteurs\" target=\"_blank\" rel=\"noopener\">l\u2019univers de la production<\/a> (environ 100 ha de vergers) qui sont venues consolider sa position de leader dans l\u2019abricot.<\/p>\n<p>\u00ab L\u2019acquisition de Fruits 2000 apporte au groupe Comptoir Rhodanien son savoir-faire reconnu dans le m\u00e9tier d\u2019exp\u00e9diteur, ainsi qu\u2019une offre nouvelle de kiwis renfor\u00e7ant nos gammes avec un site de conditionnement compl\u00e9mentaire. Cette op\u00e9ration permettra aux deux entreprises de tirer pleinement parti de leurs fortes synergies\u00a0\u00bb, d\u00e9clare Christophe Soulhiard, <a href=\"https:\/\/www.ledauphine.com\/economie\/2024\/12\/21\/trois-medailles-du-travail-pour-christophe-soulhiard-pdg-du-comptoir-rhodanien\" target=\"_blank\" rel=\"noopener\">pr\u00e9sident du comit\u00e9 strat\u00e9gique du groupe<\/a>.<\/p>\n<p>  Haute-Savoie\u00a0:\u00a0Atulam fait l&rsquo;acquisition de Menuiserie Savoyarde<\/p>\n<p>Entreprise ancr\u00e9e en Haute-Savoie (Marigny-Saint-Marcel) et reconnue pour son expertise en menuiseries de montagne, Menuiserie Savoyarde\u00a0a \u00e9t\u00e9 rachet\u00e9 par\u00a0Atulam, fabricant industriel de menuiseries bois bas\u00e9 \u00e0 Jarnages (Creuse).<\/p>\n<p>Cette acquisition\u00a0de Menuiserie Savoyarde\u00a0intervient \u00e0 l&rsquo;issue d\u2019un partenariat de trois ans entre les deux entreprises. Xavier Lecompte, pr\u00e9sident d\u2019Atulam, \u00e9tait d\u00e9j\u00e0 actionnaire minoritaire de la structure alpine.<\/p>\n<p>Un rachat qui\u00a0intervient \u00e0 l\u2019occasion du d\u00e9part \u00e0 la retraite de Pierre Oudin, fondateur et dirigeant historique de Menuiserie Savoyarde.\u00a0Cette derni\u00e8re conservera son identit\u00e9 propre et sera dirig\u00e9e par Yann Baronnier, d\u00e9j\u00e0 aux commandes de l\u2019atelier et qui prend le r\u00f4le de directeur g\u00e9n\u00e9ral.<\/p>\n<p>L\u2019entreprise, qui emploie 20 personnes pour un chiffre d\u2019affaires de 3,5 M\u20ac, produit actuellement 20 menuiseries par jour.<\/p>\n","protected":false},"excerpt":{"rendered":"&#13; &#13; &#13; &#13; Grenoble \u00c9cole de Management (GEM) vient de franchir le un cap symbolique des 230&hellip;\n","protected":false},"author":2,"featured_media":200990,"comment_status":"","ping_status":"","sticky":false,"template":"","format":"standard","meta":{"footnotes":""},"categories":[9566],"tags":[1111,11,2738,4646,2430,9810,2730,33,1777,674,1011,27,2731,4638,693,5015,108,3367,12,25,2429,5508,216],"class_list":{"0":"post-200989","1":"post","2":"type-post","3":"status-publish","4":"format-standard","5":"has-post-thumbnail","7":"category-grenoble","8":"tag-actu","9":"tag-actualites","10":"tag-ain","11":"tag-ardeche","12":"tag-auvergne-rhone-alpes","13":"tag-direct-entreprises","14":"tag-drome","15":"tag-economie","16":"tag-eu","17":"tag-europe","18":"tag-fr","19":"tag-france","20":"tag-grenoble","21":"tag-haute-savoie","22":"tag-industrie","23":"tag-innovation-et-start-up","24":"tag-isere","25":"tag-loire","26":"tag-news","27":"tag-republique-francaise","28":"tag-rhone","29":"tag-savoie","30":"tag-vie-des-entreprises"},"share_on_mastodon":{"url":"https:\/\/pubeurope.com\/@fr\/114738982123716534","error":""},"_links":{"self":[{"href":"https:\/\/www.europesays.com\/fr\/wp-json\/wp\/v2\/posts\/200989","targetHints":{"allow":["GET"]}}],"collection":[{"href":"https:\/\/www.europesays.com\/fr\/wp-json\/wp\/v2\/posts"}],"about":[{"href":"https:\/\/www.europesays.com\/fr\/wp-json\/wp\/v2\/types\/post"}],"author":[{"embeddable":true,"href":"https:\/\/www.europesays.com\/fr\/wp-json\/wp\/v2\/users\/2"}],"replies":[{"embeddable":true,"href":"https:\/\/www.europesays.com\/fr\/wp-json\/wp\/v2\/comments?post=200989"}],"version-history":[{"count":0,"href":"https:\/\/www.europesays.com\/fr\/wp-json\/wp\/v2\/posts\/200989\/revisions"}],"wp:featuredmedia":[{"embeddable":true,"href":"https:\/\/www.europesays.com\/fr\/wp-json\/wp\/v2\/media\/200990"}],"wp:attachment":[{"href":"https:\/\/www.europesays.com\/fr\/wp-json\/wp\/v2\/media?parent=200989"}],"wp:term":[{"taxonomy":"category","embeddable":true,"href":"https:\/\/www.europesays.com\/fr\/wp-json\/wp\/v2\/categories?post=200989"},{"taxonomy":"post_tag","embeddable":true,"href":"https:\/\/www.europesays.com\/fr\/wp-json\/wp\/v2\/tags?post=200989"}],"curies":[{"name":"wp","href":"https:\/\/api.w.org\/{rel}","templated":true}]}}