{"id":200991,"date":"2025-06-24T15:11:12","date_gmt":"2025-06-24T15:11:12","guid":{"rendered":"https:\/\/www.europesays.com\/fr\/200991\/"},"modified":"2025-06-24T15:11:12","modified_gmt":"2025-06-24T15:11:12","slug":"football-equipe-de-france-feminine-deja-plus-de-11-000-billets-vendus-pour-le-choc-france","status":"publish","type":"post","link":"https:\/\/www.europesays.com\/fr\/200991\/","title":{"rendered":"Football &#8211; Equipe de France f\u00e9minine. D\u00e9j\u00e0 plus de 11 000 billets vendus pour le choc France"},"content":{"rendered":"<p>L\u2019\u00e9quipe de France f\u00e9minine est dans la derni\u00e8re ligne de sa pr\u00e9paration pour l\u2019Euro-2025 qui va se d\u00e9rouler en Suisse du 2 au 27\u00a0juillet.<\/p>\n<p>Apr\u00e8s une victoire convaincante face \u00e0 la <a href=\"https:\/\/www.ledauphine.com\/sport\/2025\/06\/20\/un-triple-de-malard-et-une-promenade-pour-bleues-sur-la-route-de-l-euro\" target=\"_blank\" rel=\"noopener\">Belgique vendredi dernier (5-0)<\/a>, les Bleues affrontent le Br\u00e9sil pour leur dernier match avant la comp\u00e9tition.<\/p>\n<p>Une affiche prestigieuse avec un petit parfum de revanche face aux vice-championnes olympiques qui avaient \u00e9limin\u00e9 les Tricolores en <a href=\"https:\/\/www.ledauphine.com\/jeux-olympiques\/2024\/08\/03\/football-naufrage-pour-les-bleues-d-herve-renard-eliminees-par-le-bresil\" target=\"_blank\" rel=\"noopener\">quart de finale de JO de Paris-2024 (1-0)<\/a>.<\/p>\n<p>Une jauge \u00e0 17 000 places<\/p>\n<p>L\u2019engouement populaire est r\u00e9el pour ce rendez-vous pr\u00e9vu ce vendredi au Stade des Alpes (21h10) puisque ce mardi apr\u00e8s-midi, 11\u00a0200 billets ont d\u2019ores et d\u00e9j\u00e0 \u00e9t\u00e9 vendus.<\/p>\n<p>L\u2019enceinte grenobloise a \u00e9t\u00e9 configur\u00e9e avec une jauge fix\u00e9e \u00e0 17\u00a0000 places. Elle devrait donc \u00eatre bien remplie vendredi.<\/p>\n<p>Les Fran\u00e7aises d\u00e9buteront l\u2019Euro par un choc face \u00e0 l\u2019Angleterre le 5\u00a0juillet (21 heures) \u00e0 Zurich.<\/p>\n<p class=\"note\">Info billetterie\u00a0: <a href=\"https:\/\/billetterie.fff.fr\/fr\/france_bresil\" target=\"_blank\" rel=\"noopener\">https:\/\/billetterie.fff.fr\/fr\/france_bresil<\/a><\/p>\n","protected":false},"excerpt":{"rendered":"L\u2019\u00e9quipe de France f\u00e9minine est dans la derni\u00e8re ligne de sa pr\u00e9paration pour l\u2019Euro-2025 qui va se d\u00e9rouler&hellip;\n","protected":false},"author":2,"featured_media":200992,"comment_status":"","ping_status":"","sticky":false,"template":"","format":"standard","meta":{"footnotes":""},"categories":[9566],"tags":[1111,11,2430,112,34063,1777,674,107,1701,63,1011,27,2731,2732,108,1985,12,25,273,517,1947],"class_list":{"0":"post-200991","1":"post","2":"type-post","3":"status-publish","4":"format-standard","5":"has-post-thumbnail","7":"category-grenoble","8":"tag-actu","9":"tag-actualites","10":"tag-auvergne-rhone-alpes","11":"tag-edition-grenoble-agglomeration","12":"tag-equipe-de-france-feminine-de-football","13":"tag-eu","14":"tag-europe","15":"tag-fil-info","16":"tag-fil-info-sport","17":"tag-football","18":"tag-fr","19":"tag-france","20":"tag-grenoble","21":"tag-grenoble-bassin","22":"tag-isere","23":"tag-metropole-de-grenoble","24":"tag-news","25":"tag-republique-francaise","26":"tag-selection-de-la-redaction","27":"tag-sport","28":"tag-sport-national"},"share_on_mastodon":{"url":"https:\/\/pubeurope.com\/@fr\/114738985922823009","error":""},"_links":{"self":[{"href":"https:\/\/www.europesays.com\/fr\/wp-json\/wp\/v2\/posts\/200991","targetHints":{"allow":["GET"]}}],"collection":[{"href":"https:\/\/www.europesays.com\/fr\/wp-json\/wp\/v2\/posts"}],"about":[{"href":"https:\/\/www.europesays.com\/fr\/wp-json\/wp\/v2\/types\/post"}],"author":[{"embeddable":true,"href":"https:\/\/www.europesays.com\/fr\/wp-json\/wp\/v2\/users\/2"}],"replies":[{"embeddable":true,"href":"https:\/\/www.europesays.com\/fr\/wp-json\/wp\/v2\/comments?post=200991"}],"version-history":[{"count":0,"href":"https:\/\/www.europesays.com\/fr\/wp-json\/wp\/v2\/posts\/200991\/revisions"}],"wp:featuredmedia":[{"embeddable":true,"href":"https:\/\/www.europesays.com\/fr\/wp-json\/wp\/v2\/media\/200992"}],"wp:attachment":[{"href":"https:\/\/www.europesays.com\/fr\/wp-json\/wp\/v2\/media?parent=200991"}],"wp:term":[{"taxonomy":"category","embeddable":true,"href":"https:\/\/www.europesays.com\/fr\/wp-json\/wp\/v2\/categories?post=200991"},{"taxonomy":"post_tag","embeddable":true,"href":"https:\/\/www.europesays.com\/fr\/wp-json\/wp\/v2\/tags?post=200991"}],"curies":[{"name":"wp","href":"https:\/\/api.w.org\/{rel}","templated":true}]}}