{"id":200997,"date":"2025-06-24T15:14:10","date_gmt":"2025-06-24T15:14:10","guid":{"rendered":"https:\/\/www.europesays.com\/fr\/200997\/"},"modified":"2025-06-24T15:14:10","modified_gmt":"2025-06-24T15:14:10","slug":"strasbourg-adama-camara-ancien-detenu-repenti-raconte-son-histoire-aux-collegiens","status":"publish","type":"post","link":"https:\/\/www.europesays.com\/fr\/200997\/","title":{"rendered":"Strasbourg. Adama Camara, ancien d\u00e9tenu repenti, raconte son histoire aux coll\u00e9giens"},"content":{"rendered":"<p>\u00ab\u00a0Les embrouilles c\u2019est\u00a0: la mort, la prison ou le fauteuil handicap\u00e9.\u00a0\u00bb Ces mots d\u2019Adama Camara concluent le clip de sa chanson Omar , visionn\u00e9 par les \u00e9l\u00e8ves du coll\u00e8ge Erasme du quartier Hautepierre \u00e0 Strasbourg ce mardi 24\u00a0juin. Venu de r\u00e9gion parisienne \u00e0 bord de son camion \u00ab\u00a0La grotte mobile\u00a0\u00bb pour deux jours de sensibilisation, il esp\u00e8re \u00e9loigner les jeunes des r\u00e8glements de compte, <a href=\"https:\/\/www.dna.fr\/faits-divers-justice\/2025\/06\/24\/deux-adolescents-blesses-au-couteau-dont-l-un-grievement-pres-de-strasbourg\" target=\"_blank\" rel=\"noopener\">des couteaux<\/a> et de la prison.<\/p>\n<p>S\u2019appuyer sur une histoire personnelle<\/p>\n<p>Adama Camara a voulu venger son fr\u00e8re Sada, tu\u00e9 de plusieurs coups de couteau en 2011. R\u00e9sultat\u00a0? Une condamnation \u00e0 huit ans d\u2019emprisonnement pour tentative de meurtre. Sorti de&#8230;<\/p>\n","protected":false},"excerpt":{"rendered":"\u00ab\u00a0Les embrouilles c\u2019est\u00a0: la mort, la prison ou le fauteuil handicap\u00e9.\u00a0\u00bb Ces mots d\u2019Adama Camara concluent le clip&hellip;\n","protected":false},"author":2,"featured_media":200998,"comment_status":"","ping_status":"","sticky":false,"template":"","format":"standard","meta":{"footnotes":""},"categories":[2820],"tags":[1111,11,3599,2880,1057,1777,674,107,1011,27,775,12,25,104,640,2879,1631],"class_list":{"0":"post-200997","1":"post","2":"type-post","3":"status-publish","4":"format-standard","5":"has-post-thumbnail","7":"category-strasbourg","8":"tag-actu","9":"tag-actualites","10":"tag-college-lycee","11":"tag-edition-strasbourg","12":"tag-education","13":"tag-eu","14":"tag-europe","15":"tag-fil-info","16":"tag-fr","17":"tag-france","18":"tag-grand-est","19":"tag-news","20":"tag-republique-francaise","21":"tag-societe","22":"tag-strasbourg","23":"tag-strasbourg-ville","24":"tag-vie-associative"},"share_on_mastodon":{"url":"https:\/\/pubeurope.com\/@fr\/114738997865709965","error":""},"_links":{"self":[{"href":"https:\/\/www.europesays.com\/fr\/wp-json\/wp\/v2\/posts\/200997","targetHints":{"allow":["GET"]}}],"collection":[{"href":"https:\/\/www.europesays.com\/fr\/wp-json\/wp\/v2\/posts"}],"about":[{"href":"https:\/\/www.europesays.com\/fr\/wp-json\/wp\/v2\/types\/post"}],"author":[{"embeddable":true,"href":"https:\/\/www.europesays.com\/fr\/wp-json\/wp\/v2\/users\/2"}],"replies":[{"embeddable":true,"href":"https:\/\/www.europesays.com\/fr\/wp-json\/wp\/v2\/comments?post=200997"}],"version-history":[{"count":0,"href":"https:\/\/www.europesays.com\/fr\/wp-json\/wp\/v2\/posts\/200997\/revisions"}],"wp:featuredmedia":[{"embeddable":true,"href":"https:\/\/www.europesays.com\/fr\/wp-json\/wp\/v2\/media\/200998"}],"wp:attachment":[{"href":"https:\/\/www.europesays.com\/fr\/wp-json\/wp\/v2\/media?parent=200997"}],"wp:term":[{"taxonomy":"category","embeddable":true,"href":"https:\/\/www.europesays.com\/fr\/wp-json\/wp\/v2\/categories?post=200997"},{"taxonomy":"post_tag","embeddable":true,"href":"https:\/\/www.europesays.com\/fr\/wp-json\/wp\/v2\/tags?post=200997"}],"curies":[{"name":"wp","href":"https:\/\/api.w.org\/{rel}","templated":true}]}}