{"id":201001,"date":"2025-06-24T15:16:09","date_gmt":"2025-06-24T15:16:09","guid":{"rendered":"https:\/\/www.europesays.com\/fr\/201001\/"},"modified":"2025-06-24T15:16:09","modified_gmt":"2025-06-24T15:16:09","slug":"nice-le-pire-score-en-france-un-classement-pointe-limpact-du-surtourisme-sur-la-ville","status":"publish","type":"post","link":"https:\/\/www.europesays.com\/fr\/201001\/","title":{"rendered":"Nice. Le pire score en France, un classement pointe l&rsquo;impact du surtourisme sur la ville"},"content":{"rendered":"<p>            Par<br \/>\n        <strong><br \/>\n            <a href=\"https:\/\/actu.fr\/auteur\/redaction-nice\" title=\"Consulter tous les articles de R\u00e9daction Nice\" rel=\"nofollow noopener\" target=\"_blank\">R\u00e9daction Nice<\/a><br \/>\n        <\/strong><\/p>\n<p>        Publi\u00e9 le<\/p>\n<p>            24 juin 2025 \u00e0 13h59        <\/p>\n<p>L\u2019\u00e9t\u00e9 pointe le bout de son nez et la ville se transforme. Dans les <a href=\"https:\/\/actu.fr\/provence-alpes-cote-d-azur\/alpes-maritimes_06\" rel=\"nofollow noopener\" target=\"_blank\">Alpes-Maritimes<\/a>, la p\u00e9riode estivale est synonyme de <strong>mar\u00e9e touristique<\/strong>. \u00c0 Nice, la population double pendant l\u2019\u00e9t\u00e9. Le constat est tel que le maire <a href=\"https:\/\/actu.fr\/provence-alpes-cote-d-azur\/nice_06088\/nice-face-au-tourisme-de-masse-christian-estrosi-pense-a-de-nouvelles-interdictions_62783280.html\" rel=\"nofollow noopener\" target=\"_blank\">Christian Estrosi exprimait<\/a>, il y a quelques jours, sa volont\u00e9 de ne pas voir sa commune devenir une destination baln\u00e9aire. \u00ab\u2009La ville ne doit pas \u00eatre occup\u00e9e pendant six mois par an par des touristes\u2009\u00bb. Mais selon le barom\u00e8tre publi\u00e9 ce mardi 24\u00a0juin 2025 par le sp\u00e9cialiste <a href=\"https:\/\/villedereve.fr\/etudes\/tourisme-et-surtourisme-en-france\" rel=\"nofollow noopener\" target=\"_blank\">\u00ab\u2009Ville de R\u00eave\u2009\u00bb<\/a>, Nice est dans le <strong>Top\u00a03 des villes<\/strong> les plus impact\u00e9es par le surtourisme.<\/p>\n<p class=\" wall-content\">Ce classement se base sur des donn\u00e9es allant du nombre de bars au km\u00b2 \u00e0 la difficult\u00e9 de logement \u00e0 cause des offres saisonni\u00e8res. Les scores obtenus sont pr\u00e9sent\u00e9s sous forme de lettres, <strong>de A \u00e0 E<\/strong> et de couleur, du vert au rouge. \u00c0 l\u2019image du Nutri-Score \u00e9valuant les qualit\u00e9s nutritionnelles des produits en supermarch\u00e9.<\/p>\n<p class=\" wall-content\">Ainsi, <a href=\"https:\/\/actu.fr\/nice\/\" rel=\"nofollow noopener\" target=\"_blank\">Nice<\/a> et Cannes sont class\u00e9s \u00ab\u2009E\u2009\u00bb dans toutes les cat\u00e9gories pr\u00e9sent\u00e9es par le barom\u00e8tre. C\u2019est le<strong> pire score de ce Tour de France<\/strong>, partag\u00e9 avec la ville d\u2019Annecy.<\/p>\n<p>Presque 1 logement sur 5 est une location Airbnb<\/p>\n<p class=\" wall-content\">En d\u00e9tail, 40\u2009% des transactions immobili\u00e8res effectu\u00e9es pour des biens du centre-ville de Nice sont pour des logements Airbnb. Et plus largement, <strong>17\u2009% des logements du centre-ville de Nice<\/strong> correspondent \u00e0 des biens mis en location sur Airbnb. Un aspect qui consolide les difficult\u00e9s de logement des habitants de la cit\u00e9 azur\u00e9enne, dans une ville o\u00f9 <a href=\"https:\/\/actu.fr\/provence-alpes-cote-d-azur\/nice_06088\/nice-l-immobilier-change-de-cap-ces-derniers-mois-ce-que-revelent-les-derniers-chiffres_62744940.html\" rel=\"nofollow noopener\" target=\"_blank\">le prix au m\u00e8tre carr\u00e9 est affich\u00e9 \u00e0 5\u2009045\u00a0euros<\/a>.<\/p>\n<p class=\" wall-content\">Pour faire face \u00e0 ce ph\u00e9nom\u00e8ne, Christian Estrosi annon\u00e7ait il y a une semaine la mise en place d\u2019une limitation de la dur\u00e9e de location touristique d\u2019une r\u00e9sidence principale \u00e0 90\u00a0jours par an.<\/p>\n<p class=\" wall-content\">Dans le centre de Cannes, plus de trois logements sur dix (32,5\u2009%) sont des locations saisonni\u00e8res.<\/p>\n<p>Un bar\/restaurant tous les 1,6 m\u00e8tre<\/p>\n<p class=\" wall-content\">En mixant la pression immobili\u00e8re et l\u2019offre de restauration, le barom\u00e8tre met en lumi\u00e8re la pression touristique sur les habitants des villes. Le climat ni\u00e7ois, la douceur de vie, la mer et les montagnes attirent une foule qui affecte la qualit\u00e9 de vie de la population. Nice et Cannes affichent le pire \u00ab\u2009touriscore\u2009\u00bb en obtenant un indicateur du sur-tourisme class\u00e9 E.<\/p>\n<p class=\" wall-content\">Pour accueillir ces touristes, le centre-ville ni\u00e7ois compte <strong>602 bars et restaurants au km\u00b2<\/strong> : c\u2019est presque un \u00e9tablissement \u00e0 chaque enjamb\u00e9e. Cannes en d\u00e9nombre 429 au km\u00b2.\u00a0<\/p>\n<p class=\" wall-content\">L\u2019\u00e9t\u00e9 dernier, Nice \u00e9tait la<strong> premi\u00e8re destination fran\u00e7aise de vacances apr\u00e8s Paris<\/strong>.<\/p>\n<p class=\" wall-content\"><strong>Par Florine Amenta<\/strong><\/p>\n<p class=\" wall-content\">Suivez toute l\u2019actualit\u00e9 de vos villes et m\u00e9dias favoris en vous inscrivant \u00e0 <a href=\"https:\/\/moncompte.actu.fr\" title=\"D\u00e9couvez Mon Actu\" rel=\"nofollow noopener\" data-trk=\"{&quot;cta&quot;:{&quot;action&quot;:&quot;https:\\\/\\\/moncompte.actu.fr&quot;,&quot;category&quot;:&quot;mon compte&quot;,&quot;from&quot;:&quot;article footer&quot;,&quot;name&quot;:&quot;Mon actu&quot;,&quot;type&quot;:&quot;cta&quot;}}\" target=\"_blank\">Mon Actu<\/a>.<\/p>\n","protected":false},"excerpt":{"rendered":"Par R\u00e9daction Nice Publi\u00e9 le 24 juin 2025 \u00e0 13h59 L\u2019\u00e9t\u00e9 pointe le bout de son nez et&hellip;\n","protected":false},"author":2,"featured_media":201002,"comment_status":"","ping_status":"","sticky":false,"template":"","format":"standard","meta":{"footnotes":""},"categories":[2819],"tags":[1111,11,1777,674,1011,27,12,2401,882,25,104,602],"class_list":{"0":"post-201001","1":"post","2":"type-post","3":"status-publish","4":"format-standard","5":"has-post-thumbnail","7":"category-nice","8":"tag-actu","9":"tag-actualites","10":"tag-eu","11":"tag-europe","12":"tag-fr","13":"tag-france","14":"tag-news","15":"tag-nice","16":"tag-provence-alpes-cote-dazur","17":"tag-republique-francaise","18":"tag-societe","19":"tag-tourisme"},"share_on_mastodon":{"url":"https:\/\/pubeurope.com\/@fr\/114739005700399986","error":""},"_links":{"self":[{"href":"https:\/\/www.europesays.com\/fr\/wp-json\/wp\/v2\/posts\/201001","targetHints":{"allow":["GET"]}}],"collection":[{"href":"https:\/\/www.europesays.com\/fr\/wp-json\/wp\/v2\/posts"}],"about":[{"href":"https:\/\/www.europesays.com\/fr\/wp-json\/wp\/v2\/types\/post"}],"author":[{"embeddable":true,"href":"https:\/\/www.europesays.com\/fr\/wp-json\/wp\/v2\/users\/2"}],"replies":[{"embeddable":true,"href":"https:\/\/www.europesays.com\/fr\/wp-json\/wp\/v2\/comments?post=201001"}],"version-history":[{"count":0,"href":"https:\/\/www.europesays.com\/fr\/wp-json\/wp\/v2\/posts\/201001\/revisions"}],"wp:featuredmedia":[{"embeddable":true,"href":"https:\/\/www.europesays.com\/fr\/wp-json\/wp\/v2\/media\/201002"}],"wp:attachment":[{"href":"https:\/\/www.europesays.com\/fr\/wp-json\/wp\/v2\/media?parent=201001"}],"wp:term":[{"taxonomy":"category","embeddable":true,"href":"https:\/\/www.europesays.com\/fr\/wp-json\/wp\/v2\/categories?post=201001"},{"taxonomy":"post_tag","embeddable":true,"href":"https:\/\/www.europesays.com\/fr\/wp-json\/wp\/v2\/tags?post=201001"}],"curies":[{"name":"wp","href":"https:\/\/api.w.org\/{rel}","templated":true}]}}