{"id":201021,"date":"2025-06-24T15:26:09","date_gmt":"2025-06-24T15:26:09","guid":{"rendered":"https:\/\/www.europesays.com\/fr\/201021\/"},"modified":"2025-06-24T15:26:09","modified_gmt":"2025-06-24T15:26:09","slug":"le-meilleur-pastis-du-monde-nest-pas-marseillais","status":"publish","type":"post","link":"https:\/\/www.europesays.com\/fr\/201021\/","title":{"rendered":"Le meilleur pastis du monde n&rsquo;est pas Marseillais"},"content":{"rendered":"<p>Sacril\u00e8ge. Le <strong>meilleur pastis du monde<\/strong> n&rsquo;est pas de Marseille, mais bien de<strong> Colombelles<\/strong>, dans le Calvados. \u00c9labor\u00e9e par la distillerie \u00ab\u00a0C&rsquo;est Nous\u00a0\u00bb, la boisson normande a \u00e9t\u00e9 sacr\u00e9e Meilleur <a href=\"https:\/\/www.laprovence.com\/article\/food\/37886848373790\/le-pastis-kepi-blanc-une-collaboration-insolite-entre-la-maison-ferroni-et-la-legion-etrangere\" target=\"_blank\" rel=\"noopener\">Pastis<\/a> du Monde 2025 lors du concours international <strong>World Gin Awards<\/strong>, organis\u00e9 \u00e0 Londres.<\/p>\n<p>Con\u00e7u avec un alcool de pomme<\/p>\n<p>Fabriqu\u00e9 \u00e0 base d&rsquo;eau-de-vie de pomme au <strong>go\u00fbt anis\u00e9<\/strong>, l&rsquo;originalit\u00e9 de ce pastis a s\u00e9duit les papilles du jury. \u00ab\u00a0La pomme apporte un profil aromatique rond, floral et rel\u00e8ve parfaitement les <strong>ingr\u00e9dients embl\u00e9matiques<\/strong> de cette boisson n\u00e9e au d\u00e9but du XXe si\u00e8cle\u00a0\u00bb, d\u00e9taille la <a href=\"https:\/\/www.cestnous-gin.com\/spiritueux\" target=\"_blank\" rel=\"noopener\">distillerie de Colombelles<\/a>.<\/p>\n<p>Ce pastis est confectionn\u00e9 \u00e0 partir de badiane, <strong>d&rsquo;anis vert<\/strong>, de fenouil et de plantes et \u00e9pices directement cultiv\u00e9es dans le jardin de la distillerie \u00ab\u00a0C&rsquo;est Nous\u00a0\u00bb. <strong>Aucun sucre<\/strong> n&rsquo;est ajout\u00e9 \u00e0 la recette, qui ne ravira certainement pas les Marseillaises et Marseillais. Mais la cit\u00e9 phoc\u00e9enne restera \u00ab\u00a0\u00e0 jamais la premi\u00e8re\u00a0\u00bb \u00e0 avoir invent\u00e9 cette boisson estivale, \u00e0 consommer avec mod\u00e9ration.<\/p>\n","protected":false},"excerpt":{"rendered":"Sacril\u00e8ge. Le meilleur pastis du monde n&rsquo;est pas de Marseille, mais bien de Colombelles, dans le Calvados. \u00c9labor\u00e9e&hellip;\n","protected":false},"author":2,"featured_media":201022,"comment_status":"","ping_status":"","sticky":false,"template":"","format":"standard","meta":{"footnotes":""},"categories":[2814],"tags":[17,1111,11,1777,674,1011,27,761,884,14954,74,5201,12,5261,7349,882,16,25],"class_list":{"0":"post-201021","1":"post","2":"type-post","3":"status-publish","4":"format-standard","5":"has-post-thumbnail","7":"category-marseille","8":"tag-17","9":"tag-actu","10":"tag-actualites","11":"tag-eu","12":"tag-europe","13":"tag-fr","14":"tag-france","15":"tag-marseillais","16":"tag-marseille","17":"tag-meilleur","18":"tag-monde","19":"tag-nest","20":"tag-news","21":"tag-pas","22":"tag-pastis","23":"tag-provence-alpes-cote-dazur","24":"tag-region","25":"tag-republique-francaise"},"share_on_mastodon":{"url":"https:\/\/pubeurope.com\/@fr\/114739044969656374","error":""},"_links":{"self":[{"href":"https:\/\/www.europesays.com\/fr\/wp-json\/wp\/v2\/posts\/201021","targetHints":{"allow":["GET"]}}],"collection":[{"href":"https:\/\/www.europesays.com\/fr\/wp-json\/wp\/v2\/posts"}],"about":[{"href":"https:\/\/www.europesays.com\/fr\/wp-json\/wp\/v2\/types\/post"}],"author":[{"embeddable":true,"href":"https:\/\/www.europesays.com\/fr\/wp-json\/wp\/v2\/users\/2"}],"replies":[{"embeddable":true,"href":"https:\/\/www.europesays.com\/fr\/wp-json\/wp\/v2\/comments?post=201021"}],"version-history":[{"count":0,"href":"https:\/\/www.europesays.com\/fr\/wp-json\/wp\/v2\/posts\/201021\/revisions"}],"wp:featuredmedia":[{"embeddable":true,"href":"https:\/\/www.europesays.com\/fr\/wp-json\/wp\/v2\/media\/201022"}],"wp:attachment":[{"href":"https:\/\/www.europesays.com\/fr\/wp-json\/wp\/v2\/media?parent=201021"}],"wp:term":[{"taxonomy":"category","embeddable":true,"href":"https:\/\/www.europesays.com\/fr\/wp-json\/wp\/v2\/categories?post=201021"},{"taxonomy":"post_tag","embeddable":true,"href":"https:\/\/www.europesays.com\/fr\/wp-json\/wp\/v2\/tags?post=201021"}],"curies":[{"name":"wp","href":"https:\/\/api.w.org\/{rel}","templated":true}]}}