{"id":201033,"date":"2025-06-24T15:32:11","date_gmt":"2025-06-24T15:32:11","guid":{"rendered":"https:\/\/www.europesays.com\/fr\/201033\/"},"modified":"2025-06-24T15:32:11","modified_gmt":"2025-06-24T15:32:11","slug":"canicule-et-orages-la-meteo-sannonce-explosive-a-paris-et-en-ile-de-france-la-double-vigilance-declenchee","status":"publish","type":"post","link":"https:\/\/www.europesays.com\/fr\/201033\/","title":{"rendered":"Canicule et orages&#8230; La m\u00e9t\u00e9o s&rsquo;annonce explosive \u00e0 Paris et en \u00cele-de-France, la double vigilance d\u00e9clench\u00e9e"},"content":{"rendered":"<p>            Par<br \/>\n        <strong><br \/>\n            <a href=\"https:\/\/actu.fr\/auteur\/redaction-paris\" title=\"Consulter tous les articles de R\u00e9daction Paris\" rel=\"nofollow noopener\" target=\"_blank\">R\u00e9daction Paris<\/a><br \/>\n        <\/strong><\/p>\n<p>        Publi\u00e9 le<\/p>\n<p>            24 juin 2025 \u00e0 17h01        <\/p>\n<p>Il va faire chaud, voire tr\u00e8s chaud \u00e0 Paris et en \u00cele-de-France, mercredi 25 juin 2025. Des temp\u00e9ratures qui vont donner lieu, dans la foul\u00e9e, \u00e0 des <a href=\"https:\/\/actu.fr\/tag\/meteo-france\" rel=\"nofollow noopener\" target=\"_blank\">orages<\/a>.\u00a0<a href=\"https:\/\/actu.fr\/tag\/meteo-france\" rel=\"nofollow noopener\" target=\"_blank\">M\u00e9t\u00e9o France<\/a> a donc plac\u00e9 la r\u00e9gion en <strong>vigilance jaune<\/strong> pour canicule et pour orages.<\/p>\n<p>Retour du soleil apr\u00e8s l\u2019orage<\/p>\n<p class=\" wall-content\">Concr\u00e8tement, la journ\u00e9e de demain va se d\u00e9rouler de la mani\u00e8re suivante\u2009: la temp\u00e9rature sera \u00e9lev\u00e9e d\u00e8s le lever du soleil. Il fera 26\u00b0C dans la matin\u00e9e. Le mercure montera jusqu\u2019\u00e0 33\u00b0C dans l\u2019apr\u00e8s-midi, d\u2019o\u00f9 la vigilance jaune canicule.\u00a0C\u2019est dans la soir\u00e9e que l\u2019autre alerte sera d\u00e9clench\u00e9e\u2009: <strong>pluie, \u00e9clairs et tonnerre<\/strong> feront leur arriv\u00e9e aux alentours de 21\u00a0heures et devraient s\u2019installer pour le reste de la soir\u00e9e et de la nuit.<\/p>\n<p class=\" wall-content\">Le lendemain, jeudi 26\u00a0juin 2025, la pluie sera toujours l\u00e0, mais pas les orages. C\u00f4t\u00e9 temp\u00e9rature, il fera entre <strong>21\u00b0C<\/strong> et <strong>25\u00b0C<\/strong>. Vendredi 27\u00a0juin 2025, bonne nouvelle\u2009: le soleil sera de retour et devrait \u00eatre pr\u00e9sent tout le week-end. Les temp\u00e9ratures oscilleront entre <strong>19\u00b0C et 34\u00b0C<\/strong>.<\/p>\n<p class=\" wall-content\">Suivez toute l\u2019actualit\u00e9 de vos villes et m\u00e9dias favoris en vous inscrivant \u00e0 <a href=\"https:\/\/moncompte.actu.fr\" title=\"D\u00e9couvez Mon Actu\" rel=\"nofollow noopener\" data-trk=\"{&quot;cta&quot;:{&quot;action&quot;:&quot;https:\\\/\\\/moncompte.actu.fr&quot;,&quot;category&quot;:&quot;mon compte&quot;,&quot;from&quot;:&quot;article footer&quot;,&quot;name&quot;:&quot;Mon actu&quot;,&quot;type&quot;:&quot;cta&quot;}}\" target=\"_blank\">Mon Actu<\/a>.<\/p>\n","protected":false},"excerpt":{"rendered":"Par R\u00e9daction Paris Publi\u00e9 le 24 juin 2025 \u00e0 17h01 Il va faire chaud, voire tr\u00e8s chaud \u00e0&hellip;\n","protected":false},"author":2,"featured_media":196255,"comment_status":"","ping_status":"","sticky":false,"template":"","format":"standard","meta":{"footnotes":""},"categories":[1888],"tags":[1111,1928,11,1927,6698,1777,674,1011,27,2487,2357,12,1926,4594,626,1925,25],"class_list":{"0":"post-201033","1":"post","2":"type-post","3":"status-publish","4":"format-standard","5":"has-post-thumbnail","7":"category-paris","8":"tag-actu","9":"tag-actu-paris","10":"tag-actualites","11":"tag-actualites-paris","12":"tag-canicule","13":"tag-eu","14":"tag-europe","15":"tag-fr","16":"tag-france","17":"tag-meteo","18":"tag-meteo-france","19":"tag-news","20":"tag-news-paris","21":"tag-orages","22":"tag-paris","23":"tag-paris-news","24":"tag-republique-francaise"},"share_on_mastodon":{"url":"https:\/\/pubeurope.com\/@fr\/114739068554276024","error":""},"_links":{"self":[{"href":"https:\/\/www.europesays.com\/fr\/wp-json\/wp\/v2\/posts\/201033","targetHints":{"allow":["GET"]}}],"collection":[{"href":"https:\/\/www.europesays.com\/fr\/wp-json\/wp\/v2\/posts"}],"about":[{"href":"https:\/\/www.europesays.com\/fr\/wp-json\/wp\/v2\/types\/post"}],"author":[{"embeddable":true,"href":"https:\/\/www.europesays.com\/fr\/wp-json\/wp\/v2\/users\/2"}],"replies":[{"embeddable":true,"href":"https:\/\/www.europesays.com\/fr\/wp-json\/wp\/v2\/comments?post=201033"}],"version-history":[{"count":0,"href":"https:\/\/www.europesays.com\/fr\/wp-json\/wp\/v2\/posts\/201033\/revisions"}],"wp:featuredmedia":[{"embeddable":true,"href":"https:\/\/www.europesays.com\/fr\/wp-json\/wp\/v2\/media\/196255"}],"wp:attachment":[{"href":"https:\/\/www.europesays.com\/fr\/wp-json\/wp\/v2\/media?parent=201033"}],"wp:term":[{"taxonomy":"category","embeddable":true,"href":"https:\/\/www.europesays.com\/fr\/wp-json\/wp\/v2\/categories?post=201033"},{"taxonomy":"post_tag","embeddable":true,"href":"https:\/\/www.europesays.com\/fr\/wp-json\/wp\/v2\/tags?post=201033"}],"curies":[{"name":"wp","href":"https:\/\/api.w.org\/{rel}","templated":true}]}}