{"id":201047,"date":"2025-06-24T15:40:11","date_gmt":"2025-06-24T15:40:11","guid":{"rendered":"https:\/\/www.europesays.com\/fr\/201047\/"},"modified":"2025-06-24T15:40:11","modified_gmt":"2025-06-24T15:40:11","slug":"moyen-orient-la-france-et-lallemagne-appellent-a-un-cessez-le-feu-a-gaza","status":"publish","type":"post","link":"https:\/\/www.europesays.com\/fr\/201047\/","title":{"rendered":"Moyen-Orient : la France et l&rsquo;Allemagne appellent \u00e0 un cessez-le-feu \u00e0 Gaza"},"content":{"rendered":"<p>\u00abAu-del\u00e0 ce qui se passe sur l\u2019Iran, je redis ici la n\u00e9cessit\u00e9 d\u2019obtenir un cessez-le-feu \u00e0 Gaza et de reprendre l\u2019aide humanitaire \u00e0 Gaza\u00bb, a dit le pr\u00e9sident fran\u00e7ais Emmanuel Macron \u00e0 la presse en marge d\u2019une visite officielle \u00e0 Oslo. <\/p>\n<p>\u00abC\u2019est absolument prioritaire\u00bb pour restaurer la stabilit\u00e9 dans la r\u00e9gion, a-t-il soulign\u00e9.<\/p>\n<p>\u00abLe moment est venu de conclure un cessez-le-feu \u00e0 Gaza\u00bb, a d\u00e9clar\u00e9 de son c\u00f4t\u00e9 le chancelier Friedrich Merz devant les d\u00e9put\u00e9s allemands \u00e0 Berlin.<\/p>\n<p>Il a aussi appel\u00e9 Isra\u00ebl \u00e0 \u00abun traitement humain des personnes vivant dans la bande de Gaza, en particulier des femmes, des enfants et des plus \u00e2g\u00e9es\u00bb.<\/p>\n<p>Devant le Bundestag, Friedrich Merz a r\u00e9affirm\u00e9 le soutien de l\u2019Allemagne \u00e0 Isra\u00ebl, qui, selon lui, \u00aba le droit de d\u00e9fendre son existence et la s\u00e9curit\u00e9 de ses citoyens\u00bb.<\/p>\n<p>Toutefois, Berlin se r\u00e9serve le droit de \u00abs\u2019interroger de mani\u00e8re critique sur les objectifs d\u2019Isra\u00ebl dans la bande de Gaza\u00bb, a-t-il ajout\u00e9.<\/p>\n<p>Face aux critiques internationales croissantes sur la guerre men\u00e9e par Isra\u00ebl dans la bande de Gaza en riposte \u00e0 l\u2019attaque sans pr\u00e9c\u00e9dent men\u00e9e par le Hamas sur son territoire le 7 octobre 2023, Berlin a aussi durci le ton.<\/p>\n<p>L\u2019Allemagne reste cependant, aux c\u00f4t\u00e9s des Etats-Unis, l\u2019un des plus fid\u00e8les alli\u00e9s d\u2019Isra\u00ebl, en raison de sa responsabilit\u00e9 dans l\u2019extermination de plus de 6 millions de juifs pendant la Shoah.<\/p>\n<p>Le gouvernement allemand est ainsi oppos\u00e9 \u00e0 une r\u00e9vision de l\u2019accord d\u2019association entre Isra\u00ebl et l\u2019UE, comme le r\u00e9clament plusieurs pays europ\u00e9ens pour faire pression sur Isra\u00ebl dans l\u2019acheminement d\u2019aide humanitaire \u00e0 Gaza.<\/p>\n<p>\u00abUne suspension ou m\u00eame la r\u00e9siliation de cet accord n\u2019est pas envisageable pour le gouvernement f\u00e9d\u00e9ral\u00bb, a affirm\u00e9 M. Merz mardi devant les d\u00e9put\u00e9s.<\/p>\n<p>\u00a9 Agence France-Presse<\/p>\n","protected":false},"excerpt":{"rendered":"\u00abAu-del\u00e0 ce qui se passe sur l\u2019Iran, je redis ici la n\u00e9cessit\u00e9 d\u2019obtenir un cessez-le-feu \u00e0 Gaza et&hellip;\n","protected":false},"author":2,"featured_media":201048,"comment_status":"","ping_status":"","sticky":false,"template":"","format":"standard","meta":{"footnotes":""},"categories":[1587],"tags":[11,672,1804,1805,1803,1777,674,1801,12,1802],"class_list":{"0":"post-201047","1":"post","2":"type-post","3":"status-publish","4":"format-standard","5":"has-post-thumbnail","7":"category-allemagne","8":"tag-actualites","9":"tag-allemagne","10":"tag-bundesrepublik-deutschland","11":"tag-de","12":"tag-deutschland","13":"tag-eu","14":"tag-europe","15":"tag-germany","16":"tag-news","17":"tag-republique-federale-dallemagne"},"share_on_mastodon":{"url":"https:\/\/pubeurope.com\/@fr\/114739099960215699","error":""},"_links":{"self":[{"href":"https:\/\/www.europesays.com\/fr\/wp-json\/wp\/v2\/posts\/201047","targetHints":{"allow":["GET"]}}],"collection":[{"href":"https:\/\/www.europesays.com\/fr\/wp-json\/wp\/v2\/posts"}],"about":[{"href":"https:\/\/www.europesays.com\/fr\/wp-json\/wp\/v2\/types\/post"}],"author":[{"embeddable":true,"href":"https:\/\/www.europesays.com\/fr\/wp-json\/wp\/v2\/users\/2"}],"replies":[{"embeddable":true,"href":"https:\/\/www.europesays.com\/fr\/wp-json\/wp\/v2\/comments?post=201047"}],"version-history":[{"count":0,"href":"https:\/\/www.europesays.com\/fr\/wp-json\/wp\/v2\/posts\/201047\/revisions"}],"wp:featuredmedia":[{"embeddable":true,"href":"https:\/\/www.europesays.com\/fr\/wp-json\/wp\/v2\/media\/201048"}],"wp:attachment":[{"href":"https:\/\/www.europesays.com\/fr\/wp-json\/wp\/v2\/media?parent=201047"}],"wp:term":[{"taxonomy":"category","embeddable":true,"href":"https:\/\/www.europesays.com\/fr\/wp-json\/wp\/v2\/categories?post=201047"},{"taxonomy":"post_tag","embeddable":true,"href":"https:\/\/www.europesays.com\/fr\/wp-json\/wp\/v2\/tags?post=201047"}],"curies":[{"name":"wp","href":"https:\/\/api.w.org\/{rel}","templated":true}]}}