{"id":201066,"date":"2025-06-24T15:52:09","date_gmt":"2025-06-24T15:52:09","guid":{"rendered":"https:\/\/www.europesays.com\/fr\/201066\/"},"modified":"2025-06-24T15:52:09","modified_gmt":"2025-06-24T15:52:09","slug":"docu-video-un-inside-exclusif-dans-le-premier-gp-de-monaco-disack-hadjar","status":"publish","type":"post","link":"https:\/\/www.europesays.com\/fr\/201066\/","title":{"rendered":"Docu vid\u00e9o &#8211; Un inside exclusif dans le premier GP de Monaco d&rsquo;Isack Hadjar"},"content":{"rendered":"<p>Plong\u00e9e dans les coulisses de la saison rookie d\u2019Isack Hadjar, de l\u2019\u00e9curie Visa Cash App RB Formula One Team avec \u00ab\u00a0TEAM HADJAR\u00a0\u00bb, la nouvelle s\u00e9rie digitale de CANAL+. <\/p>\n<p>Dans ce premier \u00e9pisode, au milieu de Teddy Riner, DJ Snake ou encore Kingsley Coman, l\u2019\u00e9quipe du diffuseur fran\u00e7ais de la F1 a suivi le jeune pilote fran\u00e7ais lors du week\u00adend le plus prestigieux de la saison de Formule 1 \u00e0 Monaco. <\/p>\n<p>Le reportage d\u2019une vingtaine de minutes \u00ab\u00a0Team Hadjar\u00a0\u00bb vous embarque dans un week-end m\u00e9morable. <\/p>\n<p>0:00 Un d\u00e9but de saison fantastique <\/p>\n<p>1:29 Petit foot entre amis <\/p>\n<p>4:09 D\u00e9but des choses s\u00e9rieuses <\/p>\n<p>7:12 Balade matinale <\/p>\n<p>11:10 Une qualif de folie <\/p>\n<p>16:02 Une tactique payante <\/p>\n<p>18:46 D\u00e9brief de stars<\/p>\n<p>\u00a0<\/p>\n<p>\u00a0<\/p><\/p>\n","protected":false},"excerpt":{"rendered":"Plong\u00e9e dans les coulisses de la saison rookie d\u2019Isack Hadjar, de l\u2019\u00e9curie Visa Cash App RB Formula One&hellip;\n","protected":false},"author":2,"featured_media":201067,"comment_status":"","ping_status":"","sticky":false,"template":"","format":"standard","meta":{"footnotes":""},"categories":[1412],"tags":[5080,5081,1451,5083,5084,5085,5086,5087,1452,1453,1454,1455,1011,27,2244,3127,5089,5090,60,5091,3030,133],"class_list":{"0":"post-201066","1":"post","2":"type-post","3":"status-publish","4":"format-standard","5":"has-post-thumbnail","7":"category-f1","8":"tag-actualites-f1","9":"tag-actuf1","10":"tag-f1","11":"tag-f1-actu","12":"tag-f1-direct","13":"tag-f1-live","14":"tag-f1-news","15":"tag-f1news","16":"tag-formula-1","17":"tag-formula1","18":"tag-formule-1","19":"tag-formule1","20":"tag-fr","21":"tag-france","22":"tag-isack-hadjar","23":"tag-monaco","24":"tag-news-f1","25":"tag-newsf1","26":"tag-sports","27":"tag-tip","28":"tag-top","29":"tag-video"},"share_on_mastodon":{"url":"https:\/\/pubeurope.com\/@fr\/114739147136391532","error":""},"_links":{"self":[{"href":"https:\/\/www.europesays.com\/fr\/wp-json\/wp\/v2\/posts\/201066","targetHints":{"allow":["GET"]}}],"collection":[{"href":"https:\/\/www.europesays.com\/fr\/wp-json\/wp\/v2\/posts"}],"about":[{"href":"https:\/\/www.europesays.com\/fr\/wp-json\/wp\/v2\/types\/post"}],"author":[{"embeddable":true,"href":"https:\/\/www.europesays.com\/fr\/wp-json\/wp\/v2\/users\/2"}],"replies":[{"embeddable":true,"href":"https:\/\/www.europesays.com\/fr\/wp-json\/wp\/v2\/comments?post=201066"}],"version-history":[{"count":0,"href":"https:\/\/www.europesays.com\/fr\/wp-json\/wp\/v2\/posts\/201066\/revisions"}],"wp:featuredmedia":[{"embeddable":true,"href":"https:\/\/www.europesays.com\/fr\/wp-json\/wp\/v2\/media\/201067"}],"wp:attachment":[{"href":"https:\/\/www.europesays.com\/fr\/wp-json\/wp\/v2\/media?parent=201066"}],"wp:term":[{"taxonomy":"category","embeddable":true,"href":"https:\/\/www.europesays.com\/fr\/wp-json\/wp\/v2\/categories?post=201066"},{"taxonomy":"post_tag","embeddable":true,"href":"https:\/\/www.europesays.com\/fr\/wp-json\/wp\/v2\/tags?post=201066"}],"curies":[{"name":"wp","href":"https:\/\/api.w.org\/{rel}","templated":true}]}}