{"id":201089,"date":"2025-06-24T16:04:07","date_gmt":"2025-06-24T16:04:07","guid":{"rendered":"https:\/\/www.europesays.com\/fr\/201089\/"},"modified":"2025-06-24T16:04:07","modified_gmt":"2025-06-24T16:04:07","slug":"defense-planetaire-vera-c-rubin-netait-pas-fait-pour-ca-mais-il-vient-de-decouvrir-2104-asteroides-les-numeriques","status":"publish","type":"post","link":"https:\/\/www.europesays.com\/fr\/201089\/","title":{"rendered":"D\u00e9fense plan\u00e9taire : Vera-C.-Rubin n&#039;\u00e9tait pas fait pour \u00e7a, mais il vient de d\u00e9couvrir 2104 ast\u00e9ro\u00efdes &#8211; Les Num\u00e9riques"},"content":{"rendered":"<ol>\n<li><a href=\"https:\/\/news.google.com\/rss\/articles\/CBMi-AFBVV95cUxQOUZsc1otWGo2RVMwa1lOQ2h4YjVZeG5tbUJKTVVkZ2JzYXdPVlRaeF9UQXduWU5yTHpGQTV3QUZLRzFLajlZOUN1ZHRFMmthVVJYbHpSSzk0N0w4X2RubzRzVjR4SzhJQWpoYjJqRTBGT3pMVEtJNUdWSmFMZTk0M0h2bDVtMmhKb1dMR3ljVlAycTFkeTNLNlB6d0lxT1EwaDFyQUktQWhlV1A0b2E3UWl6U1ZTNjMzcklKRmRwaThnM2U0R21XWjNDN0tFRHk4QTN6YVgwM2VLRzcyODdkb2hNdEhHcTVzN3pjYTRoZmlzajNWQWNCMw?oc=5\" target=\"_blank\" rel=\"nofollow noopener\">D\u00e9fense plan\u00e9taire : Vera-C.-Rubin n&rsquo;\u00e9tait pas fait pour \u00e7a, mais il vient de d\u00e9couvrir 2104 ast\u00e9ro\u00efdes<\/a>&nbsp;&nbsp;Les Num\u00e9riques<\/li>\n<li><a href=\"https:\/\/news.google.com\/rss\/articles\/CBMi1wFBVV95cUxPcE1HXzdwMm9QMllkS291S0FHSlZ3aHRRTWNJaHQ4OFJ4ZERBdl9LWHFIRE5CUXJHcUpsTWhyUlZ0bUxPRjlDUHdVMlhpRTljbXY0QWpjRi1fbXlGNVNPYVItY19fWFlvaUtfLXpubkNLUjZPdFYzYjNGSzZna01BVlU2Z25Ob01JOHRPVEEtdGV3Vl94VTk2VzUzUjhrbW5CTktzTkticUxVaW5FOHFlNUUtSG1YdWdRRmhnUDNwUkIxdmtoZGJaaFpmeUpQSVRabEhZQ1UwYw?oc=5\" target=\"_blank\" rel=\"nofollow noopener\">L\u2019observatoire Vera-C.-Rubin d\u00e9voile de spectaculaires premi\u00e8res images de l\u2019espace<\/a>&nbsp;&nbsp;Le Monde.fr<\/li>\n<li><a href=\"https:\/\/news.google.com\/rss\/articles\/CBMi6gFBVV95cUxOdlR0alc5UV85dnBLbzlSZDQteHE0TjhGMmhOUWx1RWxycFZETXdMTzZfUlI5SDllS3JIUnJsTFc3TWNFUmtqdzh3STh4ZUtSRVFOMWsxLVB1Q0J5YTNmWG44YlhXMGRLNFc1cG1tVUN3S3pvZmZ1bC12czUwcm5FRGRabEZuOE9FUEk5TW94eGctOTRmS0dDQTNEMVlvZXk0eENtdU81b19JUXNrTUpGLXFmTWhualRTU3VLQjNxSUJBdVhMejlGVGJmemVOQ3ZrZnpFakdHUkZjdnZpb3BVanhFOEJJWWYxNHc?oc=5\" target=\"_blank\" rel=\"nofollow noopener\">Ce t\u00e9lescope g\u00e9ant r\u00e9v\u00e8le ses premi\u00e8res images de l\u2019espace lointain \u00e0 couper le souffle<\/a>&nbsp;&nbsp;Le HuffPost<\/li>\n<li><a href=\"https:\/\/news.google.com\/rss\/articles\/CBMi6gFBVV95cUxQYTNnRlk0MkJ2N2lzS0tiS3h1aXBqT1BpcmpsQm4wc01GVVZQNW5vVl8tSE9zT1VNal9vTHloRFZ3Tjk4VE1NS3VJTTNqTHpqTU56QVJidU92NkcyZV8xdFUwMkd2ckZxZGI2SmVUNWJmY2RTYTBtd2drWDRQY2xlbGpRUGRrOWhjMGtFa1IyX0xoam1qajdzdXNLcXUyV0tEaVBkRC1TYU9UWXJGREpIeElrWjlBcmowdUd0V21nbzRfMElsS3I5a0E2cjVIVEpSTTBFWW96NEs1Zlp3TlNWd3RNX0RZeGhBcGc?oc=5\" target=\"_blank\" rel=\"nofollow noopener\">Ces images \u00e9poustouflantes prises par la cam\u00e9ra astronomique la plus puissante du monde<\/a>&nbsp;&nbsp;Le Point<\/li>\n<li><a href=\"https:\/\/news.google.com\/rss\/articles\/CBMi3wFBVV95cUxQY0x0VXpIT0diYXVqZ2x2cVpjYmhhNUpIN2UyZzVxc2Fja3J2azVtb1pSUGhYd1BfcG9aM2ItN2M4ZnQ0VE9Bd2hJTTRTSW9lcVI4TGMyWlBJMk5EOXdhMnlTbHh3SHMydk85dWphRHd3VGpOYnZWNlNfSnBFTDAzUmtRV214SkV5UEJ4U0k4emg3eFJ0anM1dUdPRmM0ZW11RmFaR1ExSVNndG1CLUNJZTVBMUpwbkZaOWtpZll0b2dBTnBaLU5SWHZWLVVkRnMxTXU3ZG5CSzFaYVhKRDVF?oc=5\" target=\"_blank\" rel=\"nofollow noopener\">D\u00e9couvrez les premi\u00e8res observations du nouveau t\u00e9lescope terrestre g\u00e9ant<\/a>&nbsp;&nbsp;National Geographic<\/li>\n<\/ol>\n","protected":false},"excerpt":{"rendered":"D\u00e9fense plan\u00e9taire : Vera-C.-Rubin n&rsquo;\u00e9tait pas fait pour \u00e7a, mais il vient de d\u00e9couvrir 2104 ast\u00e9ro\u00efdes&nbsp;&nbsp;Les Num\u00e9riques L\u2019observatoire&hellip;\n","protected":false},"author":2,"featured_media":1445,"comment_status":"","ping_status":"","sticky":false,"template":"","format":"standard","meta":{"footnotes":""},"categories":[7],"tags":[1011,27,43,40,41,39,42,44],"class_list":{"0":"post-201089","1":"post","2":"type-post","3":"status-publish","4":"format-standard","5":"has-post-thumbnail","7":"category-sciences-et-technologies","8":"tag-fr","9":"tag-france","10":"tag-science","11":"tag-science-and-technology","12":"tag-sciences","13":"tag-sciences-et-technologies","14":"tag-technologies","15":"tag-technology"},"share_on_mastodon":{"url":"https:\/\/pubeurope.com\/@fr\/114739194422975757","error":""},"_links":{"self":[{"href":"https:\/\/www.europesays.com\/fr\/wp-json\/wp\/v2\/posts\/201089","targetHints":{"allow":["GET"]}}],"collection":[{"href":"https:\/\/www.europesays.com\/fr\/wp-json\/wp\/v2\/posts"}],"about":[{"href":"https:\/\/www.europesays.com\/fr\/wp-json\/wp\/v2\/types\/post"}],"author":[{"embeddable":true,"href":"https:\/\/www.europesays.com\/fr\/wp-json\/wp\/v2\/users\/2"}],"replies":[{"embeddable":true,"href":"https:\/\/www.europesays.com\/fr\/wp-json\/wp\/v2\/comments?post=201089"}],"version-history":[{"count":0,"href":"https:\/\/www.europesays.com\/fr\/wp-json\/wp\/v2\/posts\/201089\/revisions"}],"wp:featuredmedia":[{"embeddable":true,"href":"https:\/\/www.europesays.com\/fr\/wp-json\/wp\/v2\/media\/1445"}],"wp:attachment":[{"href":"https:\/\/www.europesays.com\/fr\/wp-json\/wp\/v2\/media?parent=201089"}],"wp:term":[{"taxonomy":"category","embeddable":true,"href":"https:\/\/www.europesays.com\/fr\/wp-json\/wp\/v2\/categories?post=201089"},{"taxonomy":"post_tag","embeddable":true,"href":"https:\/\/www.europesays.com\/fr\/wp-json\/wp\/v2\/tags?post=201089"}],"curies":[{"name":"wp","href":"https:\/\/api.w.org\/{rel}","templated":true}]}}