{"id":201125,"date":"2025-06-24T16:23:11","date_gmt":"2025-06-24T16:23:11","guid":{"rendered":"https:\/\/www.europesays.com\/fr\/201125\/"},"modified":"2025-06-24T16:23:11","modified_gmt":"2025-06-24T16:23:11","slug":"les-espoirs-en-action-a-lascpa-strasbourg","status":"publish","type":"post","link":"https:\/\/www.europesays.com\/fr\/201125\/","title":{"rendered":"les espoirs en action \u00e0 l\u2019ASCPA Strasbourg"},"content":{"rendered":"<p>Pour les K1, C1 et C2 en lice dans 12 cat\u00e9gories (soit une soixantaine de bateaux), 16 portes \u00e9taient \u00e0 franchir le plus rapidement possible sans faire d\u2019erreurs.<\/p>\n<p>Les clubs repr\u00e9sent\u00e9s \u00e9taient l\u2019ASCPA, S\u00e9lestat, Strasbourg Eaux-Vives et Colmar.<\/p>\n<p>A l\u2019heure du bilan, ce sont les pagayeurs s\u00e9lestadiens (club expert en slalom) qui sortent en t\u00eate avec douze m\u00e9dailles dont huit victoires.<\/p>\n<p>Suivent l\u2019ASCPA (six podiums dont quatre victoires), Strasbourg Eaux-Vives (cinq podiums dont un succ\u00e8s) et Colmar (trois podiums dont deux victoires).<\/p>\n","protected":false},"excerpt":{"rendered":"Pour les K1, C1 et C2 en lice dans 12 cat\u00e9gories (soit une soixantaine de bateaux), 16 portes&hellip;\n","protected":false},"author":2,"featured_media":201126,"comment_status":"","ping_status":"","sticky":false,"template":"","format":"standard","meta":{"footnotes":""},"categories":[2820],"tags":[1111,11,2649,16814,1777,674,1701,1011,27,775,12,25,517,640],"class_list":{"0":"post-201125","1":"post","2":"type-post","3":"status-publish","4":"format-standard","5":"has-post-thumbnail","7":"category-strasbourg","8":"tag-actu","9":"tag-actualites","10":"tag-bas-rhin","11":"tag-canoe-kayak","12":"tag-eu","13":"tag-europe","14":"tag-fil-info-sport","15":"tag-fr","16":"tag-france","17":"tag-grand-est","18":"tag-news","19":"tag-republique-francaise","20":"tag-sport","21":"tag-strasbourg"},"share_on_mastodon":{"url":"https:\/\/pubeurope.com\/@fr\/114739269102609719","error":""},"_links":{"self":[{"href":"https:\/\/www.europesays.com\/fr\/wp-json\/wp\/v2\/posts\/201125","targetHints":{"allow":["GET"]}}],"collection":[{"href":"https:\/\/www.europesays.com\/fr\/wp-json\/wp\/v2\/posts"}],"about":[{"href":"https:\/\/www.europesays.com\/fr\/wp-json\/wp\/v2\/types\/post"}],"author":[{"embeddable":true,"href":"https:\/\/www.europesays.com\/fr\/wp-json\/wp\/v2\/users\/2"}],"replies":[{"embeddable":true,"href":"https:\/\/www.europesays.com\/fr\/wp-json\/wp\/v2\/comments?post=201125"}],"version-history":[{"count":0,"href":"https:\/\/www.europesays.com\/fr\/wp-json\/wp\/v2\/posts\/201125\/revisions"}],"wp:featuredmedia":[{"embeddable":true,"href":"https:\/\/www.europesays.com\/fr\/wp-json\/wp\/v2\/media\/201126"}],"wp:attachment":[{"href":"https:\/\/www.europesays.com\/fr\/wp-json\/wp\/v2\/media?parent=201125"}],"wp:term":[{"taxonomy":"category","embeddable":true,"href":"https:\/\/www.europesays.com\/fr\/wp-json\/wp\/v2\/categories?post=201125"},{"taxonomy":"post_tag","embeddable":true,"href":"https:\/\/www.europesays.com\/fr\/wp-json\/wp\/v2\/tags?post=201125"}],"curies":[{"name":"wp","href":"https:\/\/api.w.org\/{rel}","templated":true}]}}