{"id":201132,"date":"2025-06-24T16:27:12","date_gmt":"2025-06-24T16:27:12","guid":{"rendered":"https:\/\/www.europesays.com\/fr\/201132\/"},"modified":"2025-06-24T16:27:12","modified_gmt":"2025-06-24T16:27:12","slug":"defenseuse-des-droits-des-femmes-cette-celebre-avocate-de-nantes-vient-temoigner-dans-le-pays-de-retz","status":"publish","type":"post","link":"https:\/\/www.europesays.com\/fr\/201132\/","title":{"rendered":"D\u00e9fenseuse des droits des femmes, cette c\u00e9l\u00e8bre avocate de Nantes vient t\u00e9moigner dans le pays de Retz"},"content":{"rendered":"<p>            Par<br \/>\n        <strong><br \/>\n            <a href=\"https:\/\/actu.fr\/auteur\/laurent-renon\" title=\"Consulter tous les articles de Laurent Renon\" target=\"_blank\" rel=\"noopener\">Laurent Renon<\/a><br \/>\n        <\/strong><\/p>\n<p>        Publi\u00e9 le<\/p>\n<p>            24 juin 2025 \u00e0 17h35        <\/p>\n<p class=\"ac-article-content__question\">Qu\u2019est-ce qui vous a motiv\u00e9 \u00e0 \u00e9crire ce livre\u2009?<\/p>\n<p class=\" wall-content\">L\u2019envie de partager, l\u2019envie de t\u00e9moigner, l\u2019envie de transmettre, l\u2019envie de pouvoir faire la synth\u00e8se de 25\u00a0ann\u00e9es de carri\u00e8re au service de la d\u00e9fense des femmes. Et puis l\u2019envie de contribuer au d\u00e9bat public, poser des questions et modestement apporter quelques r\u00e9ponses. Je voulais parler des femmes que je d\u00e9fends, des femmes qui ne sont pas c\u00e9l\u00e8bres, des anonymes noy\u00e9es dans la masse silencieuse et qui souffrent.<\/p>\n<p class=\"ac-article-content__question wall-content\">Vous avez chapitr\u00e9 votre livre en s\u00e9lectionnant des mots essentiels dans votre combat, comme le viol, le consentement, les auteurs, la parole des victimes. Selon vous, quel est celui qui est le plus important\u2009?<\/p>\n<p class=\" wall-content\">Le courage. Celui des femmes qui parlent. Le courage, c\u2019est de partir, de d\u00e9noncer, de revendiquer, de s\u2019imaginer autrement que vivant sous le joug des violences. Mais le courage, c\u2019est un appel aux hommes aussi. Je ne les oublie pas et je pense qu\u2019il leur appartient d\u2019\u00eatre courageux pour se d\u00e9faire de ce syst\u00e8me dont ils sont victimes d\u2019une certaine mani\u00e8re. Ce que je constate chez les hommes violents que je rencontre, c\u2019est que tr\u00e8s souvent, ils n\u2019ont pas d\u2019autres ressources \u00e0 leur disposition que la violence.<\/p>\n<p class=\"ac-article-content__question wall-content\">L\u2019inscription du non consentement dans la caract\u00e9risation p\u00e9nale des viols peut-elle faire avancer la cause des victimes\u2009?<\/p>\n<p class=\" wall-content\">Non, \u00e7a ne fera pas avancer la cause des victimes. \u00c7a rappelle quelque chose qui devrait \u00eatre \u00e9vident. Cela a une vocation p\u00e9dagogique, mais ce n\u2019est pas \u00e7a qui fera que les 80\u2009000\u00a0\u00e0 90\u2009000\u00a0viols et tentatives de viol qui se produisent chaque ann\u00e9e en France diminueront. S\u2019il suffisait d\u2019introduire ce mot-l\u00e0 pour r\u00e9soudre l\u2019\u00e9quation du viol dans notre soci\u00e9t\u00e9, \u00e7a serait trop facile. Ce d\u00e9bat \u00e0 l\u2019Assembl\u00e9e nationale est int\u00e9ressant parce qu\u2019il vient nous rappeler \u00e0 quel point il est n\u00e9cessaire de s\u2019inqui\u00e9ter du consentement de celui ou de celle avec lequel on veut avoir un rapport sexuel.<\/p>\n<p class=\"ac-article-content__question wall-content\">En France, il y aurait moins de 1\u2009% des viols qui donnent lieu \u00e0 une condamnation p\u00e9nale. Que faudrait-il faire pour garantir moins d\u2019impunit\u00e9\u2009?<\/p>\n<p class=\" wall-content\">Il y a en fait deux chiffres qui sont int\u00e9ressants. C\u2019est le fait que 10\u2009% des victimes d\u00e9posent plainte. Comment faire en sorte que cette immense majorit\u00e9 silencieuse se saisisse des espaces de parole qui sont \u00e0 sa disposition\u2009? Mais vous imaginez bien que si 80\u2009000 victimes de viol viennent d\u00e9poser plainte chaque ann\u00e9e en France, on fait imploser le syst\u00e8me qui est d\u00e9j\u00e0 totalement embolis\u00e9.<\/p>\n<p class=\" wall-content\">Et puis l\u2019autre chiffre qui est int\u00e9ressant, c\u2019est effectivement que sur ces 10\u2009% de victimes qui d\u00e9posent plainte, il y a 1\u2009% des auteurs qui sont condamn\u00e9s. Pourquoi est-ce que finalement le viol est un crime dont on est \u00e0 peu pr\u00e8s s\u00fbr de s\u2019en sortir sans dommage\u2009? L\u00e0 aussi, on a un manque de moyen cruel et puis pendant longtemps, on a eu aussi un manque de volont\u00e9 de politique p\u00e9nale. Ce n\u2019\u00e9tait pas la priorit\u00e9 des procureurs que d\u2019aller chercher les violeurs. Le viol conjugal est le viol le plus r\u00e9pandu. Je rappelle quand m\u00eame que la reconnaissance du viol entre \u00e9poux par la Cour de cassation date de 1994. C\u2019est tr\u00e8s r\u00e9cent. On a aussi des blocages et des obstacles culturels \u00e0 surmonter.<\/p>\n<p>Vid\u00e9os : en ce moment sur Actu<\/p>\n<p class=\"ac-article-content__question wall-content\">Vous \u00eates partisane de la justice restaurative. Pensez-vous que ce serait vraiment b\u00e9n\u00e9fique dans le cadre des violences sexuelles\u2009?<\/p>\n<p class=\" wall-content\">Il faut chercher des alternatives, d\u2019autres moyens de r\u00e9paration, d\u2019autres moyens de reconnaissance des victimes. Encore une fois, l\u2019institution judiciaire d\u00e9borde. Savez-vous qu\u2019\u00e0 Nantes en ce moment, devant la cour d\u2019assises, il y a plus d\u2019une centaine de dossiers qui sont en attente d\u2019\u00eatre jug\u00e9s. On parle de plusieurs ann\u00e9es d\u2019attente\u2026<\/p>\n<p class=\"ac-article-content__question wall-content\">C\u2019est important pour vous de venir soutenir l\u2019action d\u2019une association locale\u2009?<\/p>\n<p class=\" wall-content\">Je suis tr\u00e8s honor\u00e9e de cette invitation. C\u2019est tr\u00e8s important de se rendre l\u00e0 o\u00f9 l\u2019information n\u2019arrive pas n\u00e9cessairement. Je suis tr\u00e8s attentive au silence des femmes, particuli\u00e8rement \u00e0 celles qui sont en ruralit\u00e9. Je pense \u00e9galement \u00e0 celles qui sont en situation de handicap, aux migrantes, \u00e0 toutes ces femmes pour lesquelles les obstacles sont encore plus difficiles \u00e0 surmonter. Donc oui, je me r\u00e9jouis de cette rencontre \u00e0 Corcou\u00e9 sur Logne.<\/p>\n<p>D\u00e9dicaces et rencontre avec l\u2019avocate Anne Bouillon le jeudi 26\u00a0juin, \u00e0 18\u2009h\u200930, \u00e0 la biblioth\u00e8que Place aux livres, place du march\u00e9, \u00e0 Corcou\u00e9 sur Logne. Entr\u00e9e libre.<\/p>\n<p class=\" wall-content\">Suivez toute l\u2019actualit\u00e9 de vos villes et m\u00e9dias favoris en vous inscrivant \u00e0 <a href=\"https:\/\/moncompte.actu.fr\" title=\"D\u00e9couvez Mon Actu\" rel=\"nofollow noopener\" data-trk=\"{&quot;cta&quot;:{&quot;action&quot;:&quot;https:\\\/\\\/moncompte.actu.fr&quot;,&quot;category&quot;:&quot;mon compte&quot;,&quot;from&quot;:&quot;article footer&quot;,&quot;name&quot;:&quot;Mon actu&quot;,&quot;type&quot;:&quot;cta&quot;}}\" target=\"_blank\">Mon Actu<\/a>.<\/p>\n<ul class=\"ac-article-tag wall-content\">\n<li><a href=\"https:\/\/actu.fr\/tag\/droits-des-femmes\" data-trk=\"{&quot;cta&quot;:{&quot;action&quot;:&quot;Droits des femmes&quot;,&quot;category&quot;:&quot;tag&quot;,&quot;from&quot;:&quot;article footer&quot;,&quot;name&quot;:&quot;Droits des femmes&quot;,&quot;type&quot;:&quot;cta&quot;}}\" target=\"_blank\" rel=\"noopener\">#Droits des femmes<\/a><\/li>\n<li><a href=\"https:\/\/actu.fr\/tag\/justice\" data-trk=\"{&quot;cta&quot;:{&quot;action&quot;:&quot;Justice&quot;,&quot;category&quot;:&quot;tag&quot;,&quot;from&quot;:&quot;article footer&quot;,&quot;name&quot;:&quot;Justice&quot;,&quot;type&quot;:&quot;cta&quot;}}\" target=\"_blank\" rel=\"noopener\">#Justice<\/a><\/li>\n<\/ul>\n","protected":false},"excerpt":{"rendered":"Par Laurent Renon Publi\u00e9 le 24 juin 2025 \u00e0 17h35 Qu\u2019est-ce qui vous a motiv\u00e9 \u00e0 \u00e9crire ce&hellip;\n","protected":false},"author":2,"featured_media":201133,"comment_status":"","ping_status":"","sticky":false,"template":"","format":"standard","meta":{"footnotes":""},"categories":[2818],"tags":[1111,11,6121,1777,674,1011,27,303,766,12,2636,25,104],"class_list":{"0":"post-201132","1":"post","2":"type-post","3":"status-publish","4":"format-standard","5":"has-post-thumbnail","7":"category-nantes","8":"tag-actu","9":"tag-actualites","10":"tag-droits-des-femmes","11":"tag-eu","12":"tag-europe","13":"tag-fr","14":"tag-france","15":"tag-justice","16":"tag-nantes","17":"tag-news","18":"tag-pays-de-la-loire","19":"tag-republique-francaise","20":"tag-societe"},"share_on_mastodon":{"url":"https:\/\/pubeurope.com\/@fr\/114739284853145094","error":""},"_links":{"self":[{"href":"https:\/\/www.europesays.com\/fr\/wp-json\/wp\/v2\/posts\/201132","targetHints":{"allow":["GET"]}}],"collection":[{"href":"https:\/\/www.europesays.com\/fr\/wp-json\/wp\/v2\/posts"}],"about":[{"href":"https:\/\/www.europesays.com\/fr\/wp-json\/wp\/v2\/types\/post"}],"author":[{"embeddable":true,"href":"https:\/\/www.europesays.com\/fr\/wp-json\/wp\/v2\/users\/2"}],"replies":[{"embeddable":true,"href":"https:\/\/www.europesays.com\/fr\/wp-json\/wp\/v2\/comments?post=201132"}],"version-history":[{"count":0,"href":"https:\/\/www.europesays.com\/fr\/wp-json\/wp\/v2\/posts\/201132\/revisions"}],"wp:featuredmedia":[{"embeddable":true,"href":"https:\/\/www.europesays.com\/fr\/wp-json\/wp\/v2\/media\/201133"}],"wp:attachment":[{"href":"https:\/\/www.europesays.com\/fr\/wp-json\/wp\/v2\/media?parent=201132"}],"wp:term":[{"taxonomy":"category","embeddable":true,"href":"https:\/\/www.europesays.com\/fr\/wp-json\/wp\/v2\/categories?post=201132"},{"taxonomy":"post_tag","embeddable":true,"href":"https:\/\/www.europesays.com\/fr\/wp-json\/wp\/v2\/tags?post=201132"}],"curies":[{"name":"wp","href":"https:\/\/api.w.org\/{rel}","templated":true}]}}