{"id":201160,"date":"2025-06-24T16:41:09","date_gmt":"2025-06-24T16:41:09","guid":{"rendered":"https:\/\/www.europesays.com\/fr\/201160\/"},"modified":"2025-06-24T16:41:09","modified_gmt":"2025-06-24T16:41:09","slug":"a-la-cour-dappel-de-paris-une-nouvelle-journee-sans-electricite-a-cause-des-grosses-chaleurs","status":"publish","type":"post","link":"https:\/\/www.europesays.com\/fr\/201160\/","title":{"rendered":"\u00c0 la cour d&rsquo;appel de Paris, une nouvelle journ\u00e9e sans \u00e9lectricit\u00e9 \u00e0 cause des grosses chaleurs"},"content":{"rendered":"<p>            Par<br \/>\n        <strong><br \/>\n            <a href=\"https:\/\/actu.fr\/auteur\/redaction-paris\" title=\"Consulter tous les articles de R\u00e9daction Paris\" target=\"_blank\" rel=\"noopener\">R\u00e9daction Paris<\/a><br \/>\n        <\/strong><\/p>\n<p>        Publi\u00e9 le<\/p>\n<p>            24 juin 2025 \u00e0 18h29        <\/p>\n<p>Bient\u00f4t les proc\u00e8s aux chandelles\u2009? Depuis lundi 23\u00a0juin 2025, le <strong>palais de justice de <a href=\"https:\/\/actu.fr\/paris\/\" target=\"_blank\" rel=\"noopener\">Paris<\/a><\/strong> est priv\u00e9 d\u2019\u00e9lectricit\u00e9. La panne, li\u00e9e aux fortes chaleurs de ces derniers jours, se poursuit ce mardi, a indiqu\u00e9 la cour d\u2019appel. Plusieurs audiences ont d\u00fb \u00eatre report\u00e9es. \u00ab\u2009L\u2019incident est toujours en cours sur le r\u00e9seau \u00e9lectrique dans le secteur de l\u2019\u00eele de la Cit\u00e9 \u00e0 Paris en raison de <a href=\"https:\/\/actu.fr\/meteo\/meteo-paris-et-l-ile-de-france-n-en-ont-pas-fini-avec-les-temperatures-caniculaires-avant-les-orages_62808331.html\" target=\"_blank\" rel=\"noopener\">l\u2019\u00e9pisode exceptionnel de fortes chaleurs<\/a> ces derniers jours\u2009\u00bb, a communiqu\u00e9 le gestionnaire du r\u00e9seau de distribution d\u2019\u00e9lectricit\u00e9 Enedis, sollicit\u00e9 par l\u2019AFP.<\/p>\n<p>Un c\u00e2ble souterrain \u00e0 identifier et r\u00e9parer<\/p>\n<p class=\" wall-content\">Le courant avait \u00e9t\u00e9 r\u00e9tabli chez les particuliers d\u00e8s lundi en fin de matin\u00e9e, \u00ab\u2009notamment gr\u00e2ce \u00e0 la pose de <strong>groupes \u00e9lectrog\u00e8nes<\/strong>\u2009\u00bb, a rappel\u00e9 l\u2019entreprise. \u00ab\u2009Les \u00e9quipes techniques d\u2019Enedis poursuivent leurs interventions\u2009\u00bb en utilisant \u00ab\u2009un camion \u00e9quip\u00e9 de d\u00e9tecteurs afin de localiser tr\u00e8s pr\u00e9cis\u00e9ment l\u2019endroit du c\u00e2ble souterrain \u00e0 r\u00e9parer\u2009\u00bb, assure le gestionnaire, qui \u00ab\u2009s\u2019excuse pour la g\u00e8ne occasionn\u00e9e\u2009\u00bb.<\/p>\n<p class=\" wall-content\">Dans le palais de justice historique de Paris si\u00e8gent la cour d\u2019appel (et donc des cours d\u2019assises) et la Cour de cassation. Certains proc\u00e8s ont d\u00fb \u00eatre d\u00e9localis\u00e9s, d\u2019autres report\u00e9s.<br \/>Mardi, \u00ab\u2009les audiences civiles indispensables telles que celles de <strong>r\u00e9tention des \u00e9trangers, hospitalisation sous contrainte, et les r\u00e9f\u00e9r\u00e9s urgents<\/strong> se tiennent au conseil de prud\u2019hommes de Paris\u2009\u00bb, au 27 rue Louis Blanc, a indiqu\u00e9 la cour d\u2019appel de Paris. Les autres audiences sont report\u00e9es.<\/p>\n<p>Les proc\u00e8s criminels renvoy\u00e9s<\/p>\n<p class=\" wall-content\">Concernant les affaires p\u00e9nales, les audiences des chambres des appels correctionnels concernant des personnes non d\u00e9tenues se tiendront \u00e0 la cour d\u2019appel, les audiences des chambres de l\u2019instruction se tiendront \u00e0 la cour d\u2019appel le matin et au tribunal judiciaire de Paris l\u2019apr\u00e8s-midi (Parvis du tribunal de Paris, au 1 boulevard de Douaumont), et les proc\u00e8s criminels sont report\u00e9s au lendemain, a encore pr\u00e9cis\u00e9 l\u2019institution judiciaire.<\/p>\n<p class=\" wall-content\">Lundi \u00e9tait notamment attendue la d\u00e9cision concernant l\u2019ex-patron d\u2019Orange <strong>St\u00e9phane Richard<\/strong> dans l\u2019affaire de l\u2019arbitrage frauduleux de 2008 entre <a href=\"https:\/\/actu.fr\/societe\/la-justice-confirme-bernard-tapie-doit-plus-400-millions-deuros_31835076.html\" target=\"_blank\" rel=\"noopener\">Bernard Tapie<\/a> et le Cr\u00e9dit Lyonnais, finalement report\u00e9e au 30\u00a0juin prochain, a indiqu\u00e9 une source judiciaire.<br \/>Les tr\u00e8s fortes chaleurs cumul\u00e9es des derniers jours \u00ab\u2009ont fait monter la temp\u00e9rature des sols goudronn\u00e9s de plusieurs dizaines de degr\u00e9s (en surface), ce qui a mis en forte contrainte les r\u00e9seaux souterrains\u2009\u00bb, a expliqu\u00e9 Enedis.<\/p>\n<p>Vid\u00e9os : en ce moment sur Actu<\/p>\n<p class=\" wall-content\">Avec AFP<\/p>\n<p class=\" wall-content\">Suivez toute l\u2019actualit\u00e9 de vos villes et m\u00e9dias favoris en vous inscrivant \u00e0 <a href=\"https:\/\/moncompte.actu.fr\" title=\"D\u00e9couvez Mon Actu\" rel=\"nofollow noopener\" data-trk=\"{&quot;cta&quot;:{&quot;action&quot;:&quot;https:\\\/\\\/moncompte.actu.fr&quot;,&quot;category&quot;:&quot;mon compte&quot;,&quot;from&quot;:&quot;article footer&quot;,&quot;name&quot;:&quot;Mon actu&quot;,&quot;type&quot;:&quot;cta&quot;}}\" target=\"_blank\">Mon Actu<\/a>.<\/p>\n","protected":false},"excerpt":{"rendered":"Par R\u00e9daction Paris Publi\u00e9 le 24 juin 2025 \u00e0 18h29 Bient\u00f4t les proc\u00e8s aux chandelles\u2009? Depuis lundi 23\u00a0juin&hellip;\n","protected":false},"author":2,"featured_media":201161,"comment_status":"","ping_status":"","sticky":false,"template":"","format":"standard","meta":{"footnotes":""},"categories":[1888],"tags":[1111,1928,11,1927,1777,674,118,1011,27,303,12,1926,10899,626,1925,25],"class_list":{"0":"post-201160","1":"post","2":"type-post","3":"status-publish","4":"format-standard","5":"has-post-thumbnail","7":"category-paris","8":"tag-actu","9":"tag-actu-paris","10":"tag-actualites","11":"tag-actualites-paris","12":"tag-eu","13":"tag-europe","14":"tag-faits-divers","15":"tag-fr","16":"tag-france","17":"tag-justice","18":"tag-news","19":"tag-news-paris","20":"tag-panne","21":"tag-paris","22":"tag-paris-news","23":"tag-republique-francaise"},"share_on_mastodon":{"url":"https:\/\/pubeurope.com\/@fr\/114739339894281612","error":""},"_links":{"self":[{"href":"https:\/\/www.europesays.com\/fr\/wp-json\/wp\/v2\/posts\/201160","targetHints":{"allow":["GET"]}}],"collection":[{"href":"https:\/\/www.europesays.com\/fr\/wp-json\/wp\/v2\/posts"}],"about":[{"href":"https:\/\/www.europesays.com\/fr\/wp-json\/wp\/v2\/types\/post"}],"author":[{"embeddable":true,"href":"https:\/\/www.europesays.com\/fr\/wp-json\/wp\/v2\/users\/2"}],"replies":[{"embeddable":true,"href":"https:\/\/www.europesays.com\/fr\/wp-json\/wp\/v2\/comments?post=201160"}],"version-history":[{"count":0,"href":"https:\/\/www.europesays.com\/fr\/wp-json\/wp\/v2\/posts\/201160\/revisions"}],"wp:featuredmedia":[{"embeddable":true,"href":"https:\/\/www.europesays.com\/fr\/wp-json\/wp\/v2\/media\/201161"}],"wp:attachment":[{"href":"https:\/\/www.europesays.com\/fr\/wp-json\/wp\/v2\/media?parent=201160"}],"wp:term":[{"taxonomy":"category","embeddable":true,"href":"https:\/\/www.europesays.com\/fr\/wp-json\/wp\/v2\/categories?post=201160"},{"taxonomy":"post_tag","embeddable":true,"href":"https:\/\/www.europesays.com\/fr\/wp-json\/wp\/v2\/tags?post=201160"}],"curies":[{"name":"wp","href":"https:\/\/api.w.org\/{rel}","templated":true}]}}