{"id":201228,"date":"2025-06-24T17:19:20","date_gmt":"2025-06-24T17:19:20","guid":{"rendered":"https:\/\/www.europesays.com\/fr\/201228\/"},"modified":"2025-06-24T17:19:20","modified_gmt":"2025-06-24T17:19:20","slug":"le-delirant-dealer-de-la-place-fourneyron","status":"publish","type":"post","link":"https:\/\/www.europesays.com\/fr\/201228\/","title":{"rendered":"le d\u00e9lirant dealer de la place Fourneyron"},"content":{"rendered":"<p>C\u2019est un individu \u00ab charmant \u00bb. Qui s\u2019est fait conna\u00eetre quinze jours plus t\u00f4t pour des violences avec arme : il avait forc\u00e9 un mineur \u00e0 vendre des stup\u00e9fiants. Cette fois, Fahmi (pr\u00e9nom d\u2019emprunt) a \u00e9t\u00e9 surpris par la BAC en pleine transaction. Il revendait m\u00e9dicaments psychotropes et cannabis place Fourneyron \u00e0 Saint-\u00c9tienne.<\/p>\n<p>Au commissariat, apr\u00e8s son interpellation, l\u2019affaire s\u2019est cors\u00e9e. Coups de t\u00eate dans le mur, r\u00e9sistance au menottage, insultes. Et menaces, avec un surprenant \u00ab Poutine va vous tuer \u00bb quand les policiers ont voulu l\u2019extraire de sa cellule.<\/p>\n<p>Le vendeur de pr\u00e9gabaline, \u00e9galement surnomm\u00e9e la \u00ab drogue du pauvre \u00bb, a \u00e9t\u00e9 condamn\u00e9 \u00e0 six mois de prison ferme, \u00ab au regard des multiples violences commises \u00bb a pr\u00e9cis\u00e9 le juge.<\/p>\n<p>Absent au proc\u00e8s, Fahmi avait pr\u00e9tendu \u00ab devoir prendre ces m\u00e9dicaments suite \u00e0 des blessures subies en Alg\u00e9rie \u00bb. Les policiers ont r\u00e9alis\u00e9 une enqu\u00eate pouss\u00e9e, il n\u2019existe aucune trace de ce type de soins dans le dossier m\u00e9dical de l\u2019int\u00e9ress\u00e9.<\/p>\n","protected":false},"excerpt":{"rendered":"C\u2019est un individu \u00ab charmant \u00bb. Qui s\u2019est fait conna\u00eetre quinze jours plus t\u00f4t pour des violences avec&hellip;\n","protected":false},"author":2,"featured_media":201229,"comment_status":"","ping_status":"","sticky":false,"template":"","format":"standard","meta":{"footnotes":""},"categories":[9653],"tags":[1111,11,2430,271,272,7539,1777,674,274,1011,27,3367,12,25,4001,7538],"class_list":{"0":"post-201228","1":"post","2":"type-post","3":"status-publish","4":"format-standard","5":"has-post-thumbnail","7":"category-saint-etienne","8":"tag-actu","9":"tag-actualites","10":"tag-auvergne-rhone-alpes","11":"tag-crime","12":"tag-delit-et-contravention","13":"tag-edition-loire-sud","14":"tag-eu","15":"tag-europe","16":"tag-faits-divers-justice","17":"tag-fr","18":"tag-france","19":"tag-loire","20":"tag-news","21":"tag-republique-francaise","22":"tag-saint-etienne","23":"tag-saint-etienne-ville"},"share_on_mastodon":{"url":"https:\/\/pubeurope.com\/@fr\/114739489181914658","error":""},"_links":{"self":[{"href":"https:\/\/www.europesays.com\/fr\/wp-json\/wp\/v2\/posts\/201228","targetHints":{"allow":["GET"]}}],"collection":[{"href":"https:\/\/www.europesays.com\/fr\/wp-json\/wp\/v2\/posts"}],"about":[{"href":"https:\/\/www.europesays.com\/fr\/wp-json\/wp\/v2\/types\/post"}],"author":[{"embeddable":true,"href":"https:\/\/www.europesays.com\/fr\/wp-json\/wp\/v2\/users\/2"}],"replies":[{"embeddable":true,"href":"https:\/\/www.europesays.com\/fr\/wp-json\/wp\/v2\/comments?post=201228"}],"version-history":[{"count":0,"href":"https:\/\/www.europesays.com\/fr\/wp-json\/wp\/v2\/posts\/201228\/revisions"}],"wp:featuredmedia":[{"embeddable":true,"href":"https:\/\/www.europesays.com\/fr\/wp-json\/wp\/v2\/media\/201229"}],"wp:attachment":[{"href":"https:\/\/www.europesays.com\/fr\/wp-json\/wp\/v2\/media?parent=201228"}],"wp:term":[{"taxonomy":"category","embeddable":true,"href":"https:\/\/www.europesays.com\/fr\/wp-json\/wp\/v2\/categories?post=201228"},{"taxonomy":"post_tag","embeddable":true,"href":"https:\/\/www.europesays.com\/fr\/wp-json\/wp\/v2\/tags?post=201228"}],"curies":[{"name":"wp","href":"https:\/\/api.w.org\/{rel}","templated":true}]}}