{"id":201275,"date":"2025-06-24T17:46:09","date_gmt":"2025-06-24T17:46:09","guid":{"rendered":"https:\/\/www.europesays.com\/fr\/201275\/"},"modified":"2025-06-24T17:46:09","modified_gmt":"2025-06-24T17:46:09","slug":"faut-il-sattendre-a-un-enfer-sur-la55-et-les-routes-le-samedi-5-juillet","status":"publish","type":"post","link":"https:\/\/www.europesays.com\/fr\/201275\/","title":{"rendered":"faut-il s&rsquo;attendre \u00e0 un enfer sur l&rsquo;A55 et les routes le samedi 5 juillet ?"},"content":{"rendered":"<p>La pr\u00e9fecture des Bouches-du-Rh\u00f4ne a choisi le premier week-end des Grandes vacances pour <a href=\"https:\/\/www.laprovence.com\/article\/societe\/73035923821264\/la7-fermee-en-provence-du-4-au-6-juillet-premier-week-end-des-vacances-scolaires\" target=\"_blank\" rel=\"nofollow noopener\">fermer totalement l&rsquo;autoroute A7 \u00e0 Marseille<\/a>, de la gare Saint-Charles au convergent A7\/A51. Cette fermeture interviendra de la nuit du vendredi 4 juillet au samedi 5 juillet (minuit) au dimanche 6 juillet midi. La raison : la destruction d&rsquo;ouvrages d&rsquo;art (passerelles, ponts&#8230;) afin de les reconstruire pour une s\u00e9curit\u00e9 renforc\u00e9e.<\/p>\n<p>Pourquoi avoir choisi un week-end class\u00e9 orange par Bison fut\u00e9 pour se passer d&rsquo;un axe pour le moins majeur ? On imagine que les d\u00e9parts en vacances, en week-end, sans oublier ceux qui vont se diriger vers les plages de la C\u00f4te Bleue et les usagers de l&rsquo;A7 vont g\u00e9n\u00e9rer un nombre tr\u00e8s important d&rsquo;automobilistes.<\/p>\n<p>L&rsquo;A55 et le r\u00e9seau secondaire comme options<\/p>\n<p>Bien \u00e9videmment, pour sortir de la cit\u00e9 phoc\u00e9enne par le nord, on peut toujours emprunter l&rsquo;A55 qui, justement, m\u00e8ne plus directement vers <a href=\"https:\/\/www.laprovence.com\/article\/region\/5491045721387815\/carry-le-rouet-une-randonnee-pour-profiter-de-la-cote-bleue\" target=\"_blank\" rel=\"nofollow noopener\">Carry-le-Rouet<\/a> ou encore Sausset. Et la D568 peut toujours accueillir un certain nombre d&rsquo;automobilistes. Mais ces plans B seront-ils suffisants pour r\u00e9cup\u00e9rer, sans que cela ne devienne l&rsquo;enfer, le nombre de v\u00e9hicules forc\u00e9ment en hausse par rapport \u00e0 n&rsquo;importe quel week-end de l&rsquo;ann\u00e9e en dehors des Grandes vacances ?<\/p>\n<p>Une premi\u00e8re r\u00e9ponse \u00e9mane du centre zonal op\u00e9rationnel de crise (CeZOC) des Bouches-du-Rh\u00f4ne qui pointe le fait que ce premier week-end est le moins charg\u00e9 de tous ceux de la p\u00e9riode estivale (\u00ab\u00a0Ce n&rsquo;est pas un week-end \u00e0 enjeu en termes de trafic\u00a0\u00bb, abonde dans ce sens la Dirmed). Les bouchons les plus forts interviennent lors des chass\u00e9s-crois\u00e9s, notamment fin juillet et d\u00e9but ao\u00fbt.<\/p>\n<p>En outre, l&rsquo;A7 \u00e0 Marseille n&rsquo;est pas r\u00e9put\u00e9e pour \u00eatre un n\u0153ud lors des d\u00e9parts en vacances. Les retenues classiques, pour cette p\u00e9riode, se situent dans la zone d&rsquo;Orange\/Boll\u00e8ne, \u00e0 hauteur du p\u00e9age de Lan\u00e7on (A7), et de celle du <a href=\"https:\/\/www.laprovence.com\/article\/region\/1582930977461116\/au-peage-de-la-barque-la-lutte-des-taxis-entamee-depuis-lundi-matin-se-poursuit\" target=\"_blank\" rel=\"nofollow noopener\">p\u00e9age de La Barque<\/a> (A8) en pays d&rsquo;Aix.<\/p>\n<p>Un trafic tr\u00e8s compliqu\u00e9 \u00e0 pr\u00e9voir<\/p>\n<p>Et la pr\u00e9fecture compte sans doute aussi sur l&rsquo;effet d&rsquo;annonce (un peu tard tout de m\u00eame car on est le 24 juin) pour que les vacanciers prennent, en amont, leur pr\u00e9caution. Comme partir le vendredi soir (l&rsquo;A7 pour rappel ne fermera qu&rsquo;\u00e0 minuit) plut\u00f4t que le samedi matin. Et d&rsquo;oublier le dimanche en matin\u00e9e.<\/p>\n<p>\u00c0 ces arguments rassurants, on peut objecter qu&rsquo;il est compliqu\u00e9, comme le signale le CeZOC, de pr\u00e9venir le trafic dans les grandes villes lors des d\u00e9parts en vacances : \u00ab\u00a0Il est difficilement quantifiable\u00a0\u00bb en raison notamment du d\u00e9placement al\u00e9atoire des \u00ab\u00a0locaux\u00a0\u00bb. La pr\u00e9fecture devra donc aussi croiser les doigts pour que le r\u00e9seau secondaire ne soit pas satur\u00e9 le samedi 5 juillet. Le pari n&rsquo;est pas gagn\u00e9&#8230;<\/p>\n","protected":false},"excerpt":{"rendered":"La pr\u00e9fecture des Bouches-du-Rh\u00f4ne a choisi le premier week-end des Grandes vacances pour fermer totalement l&rsquo;autoroute A7 \u00e0&hellip;\n","protected":false},"author":2,"featured_media":201276,"comment_status":"","ping_status":"","sticky":false,"template":"","format":"standard","meta":{"footnotes":""},"categories":[2814],"tags":[17,1111,11,8790,1777,674,18953,13407,1011,27,26158,884,12,882,16,25,34079,3356],"class_list":{"0":"post-201275","1":"post","2":"type-post","3":"status-publish","4":"format-standard","5":"has-post-thumbnail","7":"category-marseille","8":"tag-17","9":"tag-actu","10":"tag-actualites","11":"tag-enfer","12":"tag-eu","13":"tag-europe","14":"tag-faut-il","15":"tag-fermeture","16":"tag-fr","17":"tag-france","18":"tag-la7","19":"tag-marseille","20":"tag-news","21":"tag-provence-alpes-cote-dazur","22":"tag-region","23":"tag-republique-francaise","24":"tag-sattendre","25":"tag-sur"},"share_on_mastodon":{"url":"https:\/\/pubeurope.com\/@fr\/114739595430748157","error":""},"_links":{"self":[{"href":"https:\/\/www.europesays.com\/fr\/wp-json\/wp\/v2\/posts\/201275","targetHints":{"allow":["GET"]}}],"collection":[{"href":"https:\/\/www.europesays.com\/fr\/wp-json\/wp\/v2\/posts"}],"about":[{"href":"https:\/\/www.europesays.com\/fr\/wp-json\/wp\/v2\/types\/post"}],"author":[{"embeddable":true,"href":"https:\/\/www.europesays.com\/fr\/wp-json\/wp\/v2\/users\/2"}],"replies":[{"embeddable":true,"href":"https:\/\/www.europesays.com\/fr\/wp-json\/wp\/v2\/comments?post=201275"}],"version-history":[{"count":0,"href":"https:\/\/www.europesays.com\/fr\/wp-json\/wp\/v2\/posts\/201275\/revisions"}],"wp:featuredmedia":[{"embeddable":true,"href":"https:\/\/www.europesays.com\/fr\/wp-json\/wp\/v2\/media\/201276"}],"wp:attachment":[{"href":"https:\/\/www.europesays.com\/fr\/wp-json\/wp\/v2\/media?parent=201275"}],"wp:term":[{"taxonomy":"category","embeddable":true,"href":"https:\/\/www.europesays.com\/fr\/wp-json\/wp\/v2\/categories?post=201275"},{"taxonomy":"post_tag","embeddable":true,"href":"https:\/\/www.europesays.com\/fr\/wp-json\/wp\/v2\/tags?post=201275"}],"curies":[{"name":"wp","href":"https:\/\/api.w.org\/{rel}","templated":true}]}}