{"id":201278,"date":"2025-06-24T17:48:12","date_gmt":"2025-06-24T17:48:12","guid":{"rendered":"https:\/\/www.europesays.com\/fr\/201278\/"},"modified":"2025-06-24T17:48:12","modified_gmt":"2025-06-24T17:48:12","slug":"les-premieres-bornes-de-controle-ne-seront-activees-que-courant-juillet","status":"publish","type":"post","link":"https:\/\/www.europesays.com\/fr\/201278\/","title":{"rendered":"les premi\u00e8res bornes de contr\u00f4le ne seront activ\u00e9es\u2026 que courant juillet"},"content":{"rendered":"<p>Certains Lyonnais \u00e9taient surpris, ce mardi apr\u00e8s-midi 24\u00a0juin, de constater que les deux premi\u00e8res bornes escamotables de la zone \u00e0 trafic limit\u00e9 (ZTL), mises en place rue\u00a0Gentil et rue Port-du-Temple, n\u2019\u00e9taient pas dress\u00e9es \u00e0 13 heures, comme le pr\u00e9voit le dispositif. Autrement dit, rien n\u2019emp\u00eachait les automobilistes d\u2019emprunter le p\u00e9rim\u00e8tre r\u00e9serv\u00e9 aux ayants droit.<\/p>\n<p>Contact\u00e9e, la M\u00e9tropole de Lyon indique que, malgr\u00e9 <a href=\"https:\/\/www.leprogres.fr\/transport\/2025\/06\/20\/revolution-sur-la-presqu-ile-de-lyon-ce-samedi-tout-ce-qu-il-faut-savoir-sur-la-zone-a-trafic-limite\" target=\"_blank\" rel=\"nofollow noopener\">l\u2019entr\u00e9e en vigueur de la ZTL<\/a> samedi dernier, les deux premi\u00e8res bornes &#8211; sur les cinq pr\u00e9vues &#8211; sont pour le moment hors service. \u00ab\u00a0Il a \u00e9t\u00e9 d\u00e9cid\u00e9 de mettre en \u0153uvre les bornes d\u2019acc\u00e8s de contr\u00f4le de mani\u00e8re progressive afin que les habitudes se prennent. Celles d\u00e9j\u00e0 install\u00e9es seront activ\u00e9es au cours du mois de juillet.\u00a0\u00bb<\/p>\n<p>  Trois autres bornes d\u2019ici la rentr\u00e9e<\/p>\n<p>De quoi confirmer l\u2019impression, partag\u00e9e par certains Lyonnais, d\u2019un \u00ab\u00a0d\u00e9marrage en douceur\u00a0\u00bb du <a href=\"https:\/\/www.leprogres.fr\/videos\/on-vous-resume-la-mise-en-place-de-la-ztl-dans-la-presqu-ile-de-lyon-3038qv5\" target=\"_blank\" rel=\"nofollow noopener\">dispositif ZTL<\/a> en Presqu\u2019\u00eele. Pour m\u00e9moire, trois autres bornes de contr\u00f4le d\u2019acc\u00e8s verront le jour, avec l\u00e0 encore une mise en service progressive jusqu\u2019\u00e0 septembre, \u00e0 l\u2019entr\u00e9e des rues Childebert, \u00c9douard-Herriot et Constantine.<\/p>\n","protected":false},"excerpt":{"rendered":"Certains Lyonnais \u00e9taient surpris, ce mardi apr\u00e8s-midi 24\u00a0juin, de constater que les deux premi\u00e8res bornes escamotables de la&hellip;\n","protected":false},"author":2,"featured_media":201279,"comment_status":"","ping_status":"","sticky":false,"template":"","format":"standard","meta":{"footnotes":""},"categories":[1889],"tags":[1111,11,2430,3542,2757,1777,674,107,1011,27,2428,2756,12,25,2429,2803],"class_list":{"0":"post-201278","1":"post","2":"type-post","3":"status-publish","4":"format-standard","5":"has-post-thumbnail","7":"category-lyon","8":"tag-actu","9":"tag-actualites","10":"tag-auvergne-rhone-alpes","11":"tag-circulation","12":"tag-edition-lyon-villeurbanne","13":"tag-eu","14":"tag-europe","15":"tag-fil-info","16":"tag-fr","17":"tag-france","18":"tag-lyon","19":"tag-lyon-bassin","20":"tag-news","21":"tag-republique-francaise","22":"tag-rhone","23":"tag-transport"},"share_on_mastodon":{"url":"https:\/\/pubeurope.com\/@fr\/114739603677635140","error":""},"_links":{"self":[{"href":"https:\/\/www.europesays.com\/fr\/wp-json\/wp\/v2\/posts\/201278","targetHints":{"allow":["GET"]}}],"collection":[{"href":"https:\/\/www.europesays.com\/fr\/wp-json\/wp\/v2\/posts"}],"about":[{"href":"https:\/\/www.europesays.com\/fr\/wp-json\/wp\/v2\/types\/post"}],"author":[{"embeddable":true,"href":"https:\/\/www.europesays.com\/fr\/wp-json\/wp\/v2\/users\/2"}],"replies":[{"embeddable":true,"href":"https:\/\/www.europesays.com\/fr\/wp-json\/wp\/v2\/comments?post=201278"}],"version-history":[{"count":0,"href":"https:\/\/www.europesays.com\/fr\/wp-json\/wp\/v2\/posts\/201278\/revisions"}],"wp:featuredmedia":[{"embeddable":true,"href":"https:\/\/www.europesays.com\/fr\/wp-json\/wp\/v2\/media\/201279"}],"wp:attachment":[{"href":"https:\/\/www.europesays.com\/fr\/wp-json\/wp\/v2\/media?parent=201278"}],"wp:term":[{"taxonomy":"category","embeddable":true,"href":"https:\/\/www.europesays.com\/fr\/wp-json\/wp\/v2\/categories?post=201278"},{"taxonomy":"post_tag","embeddable":true,"href":"https:\/\/www.europesays.com\/fr\/wp-json\/wp\/v2\/tags?post=201278"}],"curies":[{"name":"wp","href":"https:\/\/api.w.org\/{rel}","templated":true}]}}