{"id":201287,"date":"2025-06-24T17:53:09","date_gmt":"2025-06-24T17:53:09","guid":{"rendered":"https:\/\/www.europesays.com\/fr\/201287\/"},"modified":"2025-06-24T17:53:09","modified_gmt":"2025-06-24T17:53:09","slug":"grand-paris-nous-avons-passe-une-nuit-sur-la-ligne-10-a-bord-du-metro-du-futur","status":"publish","type":"post","link":"https:\/\/www.europesays.com\/fr\/201287\/","title":{"rendered":"Grand Paris\u00a0: nous avons pass\u00e9 une nuit sur la ligne 10, \u00e0 bord du m\u00e9tro du futur"},"content":{"rendered":"<p class=\"paragraph text_align_left lp-f-body-02\">Rendez-vous \u00e0 minuit porte d\u2019Auteuil ce mardi avec le directeur de la ligne 10, Boris Huard. \u00ab Nous en sommes maintenant \u00e0 plus d\u2019une soixantaine de nuits d\u2019essai \u00bb, s\u2019enthousiasme ce dernier, en rappelant que la pr\u00e9paration de l\u2019arriv\u00e9e du m\u00e9tro du XXIe si\u00e8cle sur la ligne centenaire ne date pas d\u2019hier. \u00ab Les chantiers d\u2019adaptation des infrastructures ont d\u00e9but\u00e9 d\u00e8s 2022. Avec toujours le m\u00eame principe : faire en sorte que ces travaux aient le moins d\u2019incidence possible sur l\u2019exploitation. Si nous avons pu b\u00e9n\u00e9ficier de <a href=\"https:\/\/www.leparisien.fr\/info-paris-ile-de-france-oise\/transports\/ratp-attention-la-ligne-10-va-fermer-en-soiree-pour-preparer-larrivee-des-nouvelles-rames-de-metro-05-03-2025-IOXFT2VW55FC3LD56UJILPYFLI.php\" target=\"_self\" rel=\"nofollow noopener\">fermetures anticip\u00e9es<\/a> (d\u00e8s 22 heures) pour disposer de plus de temps de travaux, au d\u00e9but des phases d\u2019essai, en mars avril, maintenant, nous sommes en <a href=\"https:\/\/www.leparisien.fr\/info-paris-ile-de-france-oise\/transports\/une-nuit-sur-le-chantier-commando-de-renouvellement-des-voies-du-rer-a-pas-de-place-pour-limprovisation-05-06-2024-KVZTDDUIQVGW5MFIPIQ5FLHPMA.php\" target=\"_self\" rel=\"nofollow noopener\">nuits courtes<\/a> \u00bb, conclut le directeur avant de donner le \u00ab top d\u00e9part \u00bb de la s\u00e9quence d\u2019essais du jour\u2026 Ou plut\u00f4t de la nuit.<\/p>\n","protected":false},"excerpt":{"rendered":"Rendez-vous \u00e0 minuit porte d\u2019Auteuil ce mardi avec le directeur de la ligne 10, Boris Huard. \u00ab Nous&hellip;\n","protected":false},"author":2,"featured_media":201288,"comment_status":"","ping_status":"","sticky":false,"template":"","format":"standard","meta":{"footnotes":""},"categories":[1888],"tags":[11,1777,674,1011,27,1944,12,626,25,2382],"class_list":{"0":"post-201287","1":"post","2":"type-post","3":"status-publish","4":"format-standard","5":"has-post-thumbnail","7":"category-paris","8":"tag-actualites","9":"tag-eu","10":"tag-europe","11":"tag-fr","12":"tag-france","13":"tag-ma-ville","14":"tag-news","15":"tag-paris","16":"tag-republique-francaise","17":"tag-transport-idf-oise"},"share_on_mastodon":{"url":"https:\/\/pubeurope.com\/@fr\/114739623036014637","error":""},"_links":{"self":[{"href":"https:\/\/www.europesays.com\/fr\/wp-json\/wp\/v2\/posts\/201287","targetHints":{"allow":["GET"]}}],"collection":[{"href":"https:\/\/www.europesays.com\/fr\/wp-json\/wp\/v2\/posts"}],"about":[{"href":"https:\/\/www.europesays.com\/fr\/wp-json\/wp\/v2\/types\/post"}],"author":[{"embeddable":true,"href":"https:\/\/www.europesays.com\/fr\/wp-json\/wp\/v2\/users\/2"}],"replies":[{"embeddable":true,"href":"https:\/\/www.europesays.com\/fr\/wp-json\/wp\/v2\/comments?post=201287"}],"version-history":[{"count":0,"href":"https:\/\/www.europesays.com\/fr\/wp-json\/wp\/v2\/posts\/201287\/revisions"}],"wp:featuredmedia":[{"embeddable":true,"href":"https:\/\/www.europesays.com\/fr\/wp-json\/wp\/v2\/media\/201288"}],"wp:attachment":[{"href":"https:\/\/www.europesays.com\/fr\/wp-json\/wp\/v2\/media?parent=201287"}],"wp:term":[{"taxonomy":"category","embeddable":true,"href":"https:\/\/www.europesays.com\/fr\/wp-json\/wp\/v2\/categories?post=201287"},{"taxonomy":"post_tag","embeddable":true,"href":"https:\/\/www.europesays.com\/fr\/wp-json\/wp\/v2\/tags?post=201287"}],"curies":[{"name":"wp","href":"https:\/\/api.w.org\/{rel}","templated":true}]}}