{"id":201310,"date":"2025-06-24T18:08:13","date_gmt":"2025-06-24T18:08:13","guid":{"rendered":"https:\/\/www.europesays.com\/fr\/201310\/"},"modified":"2025-06-24T18:08:13","modified_gmt":"2025-06-24T18:08:13","slug":"roland-garros-atp-roger-federer-present-pour-lhommage-a-rafael-nadal-pour-moi-cetait-le-moment-le-plus-emouvant","status":"publish","type":"post","link":"https:\/\/www.europesays.com\/fr\/201310\/","title":{"rendered":"Roland Garros, ATP > Roger Federer, pr\u00e9sent pour l&rsquo;hommage \u00e0 Rafael Nadal : \u00ab\u00a0Pour moi, c&rsquo;\u00e9tait le moment le plus \u00e9mouvant\u00a0\u00bb"},"content":{"rendered":"<p>Un mois presque jour pour jour apr\u00e8s la c\u00e9r\u00e9\u00admonie tr\u00e8s r\u00e9ussie en l\u2019hon\u00adneur de Rafael Nadal \u00e0 Roland\u2010Garros, Roger Federer, pr\u00e9sent aux c\u00f4t\u00e9s de Novak Djokovic et Andy Murray, est revenu sur ce moment forc\u00e9\u00adment tr\u00e8s sp\u00e9cial lors d\u2019une inter\u00adview pour <a href=\"https:\/\/www.eurosport.es\/tenis\/roger-federer-exclusiva-entrevista-raqueta-wilson-emociones-pasado_sto23195274\/story.shtml\" data-wpel-link=\"external\" target=\"_blank\" rel=\"nofollow external noopener\">Eurosport Espagne<\/a>. <\/p>\n<p>Et le Suisse a notam\u00adment \u00e9t\u00e9 tr\u00e8s \u00e9mu par la fameuse plaque ancr\u00e9e dans la terre battue du Philippe\u2010Chatrier en l\u2019hon\u00adneur des 14 titres remport\u00e9s par l\u2019Espagnol.\u00a0<\/p>\n<p><strong>\u00ab\u202fPour moi, c\u2019\u00e9tait le moment le plus \u00e9mou\u00advant. Cette plaque restera l\u00e0 pour toujours. Chaque joueur qui foulera le terrain la verra, et je suis s\u00fbr qu\u2019elle les inspi\u00adrera et les moti\u00advera. Honn\u00eatement, il a eu l\u2019adieu et l\u2019hom\u00admage qu\u2019il m\u00e9ri\u00adtait. Je suis heureux pour lui, recon\u00adnais\u00adsant de m\u2019avoir permis de vivre cela avec eux\u202f; je ne les avais pas vus depuis des mois. C\u2019est toujours un plaisir de retrouver toute la famille et les amis de Rafa. J\u2019ai eu la chance de les conna\u00eetre et j\u2019ai ador\u00e9 les voir tous sourire. Le public \u00e9tait \u00e9gale\u00adment impressionnant.\u202f\u00bb<\/strong><\/p>\n<p class=\"post-published-date\" style=\"color: silver; font-size: 75%; text-align: left;\">Publi\u00e9 le mardi 24 juin 2025 \u00e0 17:40<\/p>\n","protected":false},"excerpt":{"rendered":"Un mois presque jour pour jour apr\u00e8s la c\u00e9r\u00e9\u00admonie tr\u00e8s r\u00e9ussie en l\u2019hon\u00adneur de Rafael Nadal \u00e0 Roland\u2010Garros,&hellip;\n","protected":false},"author":2,"featured_media":173220,"comment_status":"","ping_status":"","sticky":false,"template":"","format":"standard","meta":{"footnotes":""},"categories":[1415],"tags":[4737,105,2199,1011,27,1960,60,1467],"class_list":{"0":"post-201310","1":"post","2":"type-post","3":"status-publish","4":"format-standard","5":"has-post-thumbnail","7":"category-tennis","8":"tag-andy-murray","9":"tag-djokovic","10":"tag-federer","11":"tag-fr","12":"tag-france","13":"tag-nadal","14":"tag-sports","15":"tag-tennis"},"share_on_mastodon":{"url":"https:\/\/pubeurope.com\/@fr\/114739681934494219","error":""},"_links":{"self":[{"href":"https:\/\/www.europesays.com\/fr\/wp-json\/wp\/v2\/posts\/201310","targetHints":{"allow":["GET"]}}],"collection":[{"href":"https:\/\/www.europesays.com\/fr\/wp-json\/wp\/v2\/posts"}],"about":[{"href":"https:\/\/www.europesays.com\/fr\/wp-json\/wp\/v2\/types\/post"}],"author":[{"embeddable":true,"href":"https:\/\/www.europesays.com\/fr\/wp-json\/wp\/v2\/users\/2"}],"replies":[{"embeddable":true,"href":"https:\/\/www.europesays.com\/fr\/wp-json\/wp\/v2\/comments?post=201310"}],"version-history":[{"count":0,"href":"https:\/\/www.europesays.com\/fr\/wp-json\/wp\/v2\/posts\/201310\/revisions"}],"wp:featuredmedia":[{"embeddable":true,"href":"https:\/\/www.europesays.com\/fr\/wp-json\/wp\/v2\/media\/173220"}],"wp:attachment":[{"href":"https:\/\/www.europesays.com\/fr\/wp-json\/wp\/v2\/media?parent=201310"}],"wp:term":[{"taxonomy":"category","embeddable":true,"href":"https:\/\/www.europesays.com\/fr\/wp-json\/wp\/v2\/categories?post=201310"},{"taxonomy":"post_tag","embeddable":true,"href":"https:\/\/www.europesays.com\/fr\/wp-json\/wp\/v2\/tags?post=201310"}],"curies":[{"name":"wp","href":"https:\/\/api.w.org\/{rel}","templated":true}]}}