{"id":201315,"date":"2025-06-24T18:12:09","date_gmt":"2025-06-24T18:12:09","guid":{"rendered":"https:\/\/www.europesays.com\/fr\/201315\/"},"modified":"2025-06-24T18:12:09","modified_gmt":"2025-06-24T18:12:09","slug":"cyclisme-arctic-race-of-norway","status":"publish","type":"post","link":"https:\/\/www.europesays.com\/fr\/201315\/","title":{"rendered":"Cyclisme. Arctic Race of Norway"},"content":{"rendered":"<p>Les organisateurs de l&rsquo;<strong><a href=\"https:\/\/www.cyclismactu.net\/..\/news-cyclisme-arctic-race-of-norway-double-pour-magnus-cort-champoussin-2e-de-4e-etape-83411.html?utm_source=dlvr.it&amp;utm_medium=twitter\" rel=\"nofollow noopener\" target=\"_blank\">Arctic Race of Norway<\/a><\/strong> ont annonc\u00e9 ce mardi dans un communiqu\u00e9 de presse les noms des 18 formations qui participeront \u00e0 l&rsquo;\u00e9preuve norv\u00e9gienne et parcourront les routes spectaculaires du comt\u00e9 de Troms au nord du cercle polaire arctique, du 7 au 10 ao\u00fbt 2025. Parmi ces 18 \u00e9quipes, six appartiennent au plus haut niveau\u00a0<strong>WorldTeam<\/strong> : <strong>Cofidis<\/strong>, <strong>Team Jayco-Alula<\/strong>, <strong>Ark\u00e9a-B&amp;B Hotels<\/strong>, <strong>Intermarch\u00e9-Wanty<\/strong>, <strong>Team Picnic PostNL<\/strong> et <strong>XDS Astana Team<\/strong>. Au total, dix \u00e9quipes pr\u00e9sentes sur le<strong> Tour de France<\/strong> en juillet s&rsquo;engageront le 7 ao\u00fbt sur les routes norv\u00e9giennes.<\/p>\n<p>Vid\u00e9o &#8211; Magnus Cort a remport\u00e9 l&rsquo;Arctic Race of Norway 2024 Lire la suite de l&rsquo;article&#13;<\/p>\n<p>\u00a0<\/p>\n<p>&#13;<br \/>\n4 \u00e9quipes norv\u00e9giennes&#8230; et 3 \u00e9quipes fran\u00e7aises&#13;<\/p>\n<p>Comme chaque ann\u00e9e, l&rsquo;<strong>Arctic Race of Norway<\/strong> mettra \u00e0 l&rsquo;honneur ses \u00e9quipes locales, avec quatre formations au d\u00e9part : <strong>Uno-X Mobility<\/strong>, <strong>Team Coop Repsol<\/strong>, <strong>Lillehammer CK<\/strong> et l&rsquo;<strong>\u00e9quipe nationale de Norv\u00e8ge<\/strong>. Tenante du titre gr\u00e2ce \u00e0 la victoire de\u00a0 <strong>Magnus Cort<\/strong> en 2024, <strong>Uno-X Mobility<\/strong> visera une nouvelle victoire \u00e0 domicile lors de l&rsquo;\u00e9tape finale, tandis que l&rsquo;\u00e9quipe locale <strong>Lillehammer CK<\/strong> d\u00e9couvrira l&rsquo;\u00e9preuve. C\u00f4t\u00e9 Fran\u00e7ais, en plus des deux \u00e9quipes <strong>WorldTeams\u00a0Ark\u00e9a-B&amp;B Hotels <\/strong>et<strong>\u00a0<strong>Cofidis<\/strong><\/strong>, une troisi\u00e8me formation tricolore participera \u00e0 la course, la <strong>TotalEnergies<\/strong>.<\/p>\n<p>&#13;<br \/>\n&#13;<br \/>\nLes 18 \u00e9quipes au d\u00e9part :\u00a0&#13;<\/p>\n<ul>&#13;<\/p>\n<li>Cofidis<\/li>\n<p>&#13;<\/p>\n<li>Team Jayco-Alula<\/li>\n<p>&#13;<\/p>\n<li>Ark\u00e9a-B&amp;B Hotels<\/li>\n<p>&#13;<\/p>\n<li>Intermarch\u00e9-Wanty<\/li>\n<p>&#13;<\/p>\n<li>Team Picnic PostNL<\/li>\n<p>&#13;<\/p>\n<li>XDS Astana Team<\/li>\n<p>&#13;<\/p>\n<li>Burgos Burpellet \u2013 BH<\/li>\n<p>&#13;<\/p>\n<li>Equipo Kern Pharma<\/li>\n<p>&#13;<\/p>\n<li>Israel-Premier Tech<\/li>\n<p>&#13;<\/p>\n<li>Q36.5 Pro Cycling Team<\/li>\n<p>&#13;<\/p>\n<li>Team Flanders &#8211; Baloise<\/li>\n<p>&#13;<\/p>\n<li>TotalEnergies<\/li>\n<p>&#13;<\/p>\n<li>Tudor Pro Cycling Team<\/li>\n<p>&#13;<\/p>\n<li>Unibet Tietema Rockets<\/li>\n<p>&#13;<\/p>\n<li>Uno-X Mobility<\/li>\n<p>&#13;<\/p>\n<li>Team Coop Repsol<\/li>\n<p>&#13;<\/p>\n<li>Lillehammer CK<\/li>\n<p>&#13;<\/p>\n<li>Norwegian National Team<\/li>\n<p>&#13;\n<\/ul>\n","protected":false},"excerpt":{"rendered":"Les organisateurs de l&rsquo;Arctic Race of Norway ont annonc\u00e9 ce mardi dans un communiqu\u00e9 de presse les noms&hellip;\n","protected":false},"author":2,"featured_media":201316,"comment_status":"","ping_status":"","sticky":false,"template":"","format":"standard","meta":{"footnotes":""},"categories":[1411],"tags":[34084,1154,207,211,1011,27,209,60,210,212,208,213],"class_list":{"0":"post-201315","1":"post","2":"type-post","3":"status-publish","4":"format-standard","5":"has-post-thumbnail","7":"category-cyclisme","8":"tag-arctic-race-of-norway","9":"tag-cycling","10":"tag-cyclisme","11":"tag-ffc","12":"tag-fr","13":"tag-france","14":"tag-route","15":"tag-sports","16":"tag-tour-de-france","17":"tag-uci","18":"tag-velo","19":"tag-world-tour"},"share_on_mastodon":{"url":"https:\/\/pubeurope.com\/@fr\/114739697734774176","error":""},"_links":{"self":[{"href":"https:\/\/www.europesays.com\/fr\/wp-json\/wp\/v2\/posts\/201315","targetHints":{"allow":["GET"]}}],"collection":[{"href":"https:\/\/www.europesays.com\/fr\/wp-json\/wp\/v2\/posts"}],"about":[{"href":"https:\/\/www.europesays.com\/fr\/wp-json\/wp\/v2\/types\/post"}],"author":[{"embeddable":true,"href":"https:\/\/www.europesays.com\/fr\/wp-json\/wp\/v2\/users\/2"}],"replies":[{"embeddable":true,"href":"https:\/\/www.europesays.com\/fr\/wp-json\/wp\/v2\/comments?post=201315"}],"version-history":[{"count":0,"href":"https:\/\/www.europesays.com\/fr\/wp-json\/wp\/v2\/posts\/201315\/revisions"}],"wp:featuredmedia":[{"embeddable":true,"href":"https:\/\/www.europesays.com\/fr\/wp-json\/wp\/v2\/media\/201316"}],"wp:attachment":[{"href":"https:\/\/www.europesays.com\/fr\/wp-json\/wp\/v2\/media?parent=201315"}],"wp:term":[{"taxonomy":"category","embeddable":true,"href":"https:\/\/www.europesays.com\/fr\/wp-json\/wp\/v2\/categories?post=201315"},{"taxonomy":"post_tag","embeddable":true,"href":"https:\/\/www.europesays.com\/fr\/wp-json\/wp\/v2\/tags?post=201315"}],"curies":[{"name":"wp","href":"https:\/\/api.w.org\/{rel}","templated":true}]}}