{"id":201320,"date":"2025-06-24T18:15:09","date_gmt":"2025-06-24T18:15:09","guid":{"rendered":"https:\/\/www.europesays.com\/fr\/201320\/"},"modified":"2025-06-24T18:15:09","modified_gmt":"2025-06-24T18:15:09","slug":"italie-un-visiteur-endommage-une-oeuvre-exposee-dans-un-musee-en-prenant-un-selfie","status":"publish","type":"post","link":"https:\/\/www.europesays.com\/fr\/201320\/","title":{"rendered":"Italie\u00a0: un visiteur endommage une \u0153uvre expos\u00e9e dans un mus\u00e9e en prenant un selfie"},"content":{"rendered":"<p class=\"paragraph text_align_left lp-f-body-02\">Il serait tomb\u00e9 en arri\u00e8re en essayant de \u00ab faire un m\u00e8me \u00bb. La Galerie des Offices de Florence (ou \u00ab Gallerie degli Uffizi \u00bb) a affirm\u00e9 qu\u2019un touriste aurait <a href=\"https:\/\/www.leparisien.fr\/faits-divers\/a-londres-les-tournesols-de-van-gogh-a-nouveau-cibles-par-des-militants-ecologistes-27-09-2024-DEXUPOQUSJFZLKOQSICGQWN32Y.php\" target=\"_self\" rel=\"nofollow noopener\">endommag\u00e9<\/a> une de ses <a href=\"https:\/\/\u0152uvres ab\u00eem\u00e9es par le temps et la m\u00e9t\u00e9o : ces \u00e9tudiants restaurent de vieux tr\u00e9sors oubli\u00e9s\" target=\"_self\" rel=\"\">\u0153uvres<\/a>, en essayant de prendre une photo devant, a rapport\u00e9 la <a href=\"https:\/\/www.bbc.com\/news\/articles\/cyvj4pze706o\" target=\"_self\" rel=\"nofollow noopener\">BBC<\/a>. Le portrait de Ferdinand de M\u00e9dicis, Grand Prince de Toscane, peint par Anton Domenico Gabbiani, date du XVIIIe si\u00e8cle, et a \u00e9t\u00e9 d\u00e9chir\u00e9 au niveau des pieds.<\/p>\n<blockquote class=\"twitter-tweet\">\n<p lang=\"it\" dir=\"ltr\">Ma si pu\u00f2\u2026..?!?!<\/p>\n<p>Turista per farsi un <a href=\"https:\/\/twitter.com\/hashtag\/selfie?src=hash&amp;ref_src=twsrc%5Etfw\" rel=\"nofollow noopener\" target=\"_blank\">#selfie<\/a> agli <a href=\"https:\/\/twitter.com\/hashtag\/Uffizi?src=hash&amp;ref_src=twsrc%5Etfw\" rel=\"nofollow noopener\" target=\"_blank\">#Uffizi<\/a> di <a href=\"https:\/\/twitter.com\/hashtag\/Firenze?src=hash&amp;ref_src=twsrc%5Etfw\" rel=\"nofollow noopener\" target=\"_blank\">#Firenze<\/a> sfonda un quadro. <\/p>\n<p>L\u2019opera coinvolta \u00e8 Ferdinando de\u2019 Medici, ritratto del 1690 firmato da Niccol\u00f2 Cassana, noto anche come il Nicoletto. Il dipinto, proveniente dalle collezioni di Palazzo Pitti, \u00e8\u2026 <a href=\"https:\/\/t.co\/uYRCWF0HZ4\" rel=\"nofollow\">pic.twitter.com\/uYRCWF0HZ4<\/a><\/p>\n<p>\u2014 Dario Barone (@DBking85) <a href=\"https:\/\/twitter.com\/DBking85\/status\/1936817340676538573?ref_src=twsrc%5Etfw\" rel=\"nofollow noopener\" target=\"_blank\">June 22, 2025<\/a><\/p><\/blockquote>\n<p class=\"paragraph text_align_left lp-f-body-02\">L\u2019incident s\u2019est produit alors que le mus\u00e9e recevait le m\u00eame jour la visite du <a href=\"https:\/\/www.leparisien.fr\/societe\/attaques-de-tableaux-la-ministre-de-la-culture-denonce-lecovandalisme-02-11-2022-P2LMEDIV2RFOFPSSVF27GDU2II.php\" target=\"_self\" rel=\"nofollow noopener\">ministre de la Culture<\/a>, Alessandro Giuli, \u00e0 Florence, \u00e0 l\u2019occasion de la disparition de la grande grue qui a fait partie du paysage pendant vingt ans, sur le chantier du \u00ab Grand Uffizi \u00bb, a rapport\u00e9 <a href=\"https:\/\/www.firenzetoday.it\/cronaca\/danneggiata-opera-uffizi-selfie-gran-principe-ferdinando-mostra-700.html\" target=\"_self\" rel=\"nofollow noopener\">Firenze Today<\/a>.<\/p>\n<p>L\u2019exposition temporairement ferm\u00e9e jusqu\u2019au 2 juillet<\/p>\n<p class=\"paragraph text_align_left lp-f-body-02\">Le mus\u00e9e a cependant expliqu\u00e9 que les d\u00e9g\u00e2ts caus\u00e9s sur cette peinture \u00e0 l\u2019huile pouvaient \u00eatre r\u00e9par\u00e9s rapidement, mais son directeur Simone Verde a averti que des restrictions sur le comportement des visiteurs pourraient \u00eatre impos\u00e9es \u00e0 l\u2019avenir.<\/p>\n<p class=\"paragraph text_align_left lp-f-body-02\">Il a d\u00e9clar\u00e9 dans un communiqu\u00e9 : \u00ab Le probl\u00e8me des visiteurs qui viennent dans les mus\u00e9es pour faire des m\u00e8mes ou prendre des selfies pour les r\u00e9seaux sociaux est end\u00e9mique. (\u2026) Nous fixerons des limites tr\u00e8s pr\u00e9cises, en emp\u00eachant les comportements qui ne sont pas compatibles avec le sens de nos institutions et le respect du patrimoine culturel \u00bb, a-t-il ajout\u00e9.<\/p>\n<p class=\"lp-card-podcast-highlighting__title  lp-f-subtitle-05\">Caussols, la ferme de l\u2019horreur (2\/2)<\/p>\n<p class=\"lp-card-podcast-highlighting__description lp-f-ui-05\">Crime story raconte chaque semaine les grandes affaires criminelles.<\/p>\n<p><a class=\"lp-card-podcast-highlighting__call-to-action\" data-page-type=\"HP\" data-block-name=\"podcast-highlight\">\u00c9couter<\/a><\/p>\n<p class=\"paragraph text_align_left lp-f-body-02\">Le portrait faisait partie de l\u2019exposition intitul\u00e9e \u00ab Florence et l\u2019Europe : Arts du dix-huiti\u00e8me si\u00e8cle aux Offices \u00bb. Selon la galerie, le visiteur a \u00e9t\u00e9 identifi\u00e9 par la police et signal\u00e9 aux autorit\u00e9s judiciaires.<\/p>\n<p class=\"paragraph text_align_left lp-f-body-02\">L\u2019exposition, qui comprenait environ 150 \u0153uvres d\u2019art, est d\u00e9sormais ferm\u00e9e jusqu\u2019au 2 juillet \u00e0 la suite de cet incident. Le tableau sera r\u00e9par\u00e9 dans l\u2019intervalle afin qu\u2019il soit pr\u00eat \u00e0 \u00eatre expos\u00e9 \u00e0 nouveau. L\u2019exposition se poursuivra ensuite, comme pr\u00e9vu, jusqu\u2019au 28 novembre.<\/p>\n<p>\u00ab Ces deux personnes sont parties sans nous parler \u00bb<\/p>\n<p class=\"paragraph text_align_left lp-f-body-02\">La directrice du mus\u00e9e, Vanessa Carlon, a d\u00e9clar\u00e9 : \u00ab Parfois, nous perdons la t\u00eate pour prendre une photo et nous ne pensons pas aux cons\u00e9quences. (\u2026) Bien s\u00fbr, il s\u2019agit d\u2019un accident, mais ces deux personnes sont parties sans nous parler &#8211; ce n\u2019est pas un accident \u00bb.<\/p>\n<p class=\"paragraph text_align_left lp-f-body-02\">Dans un autre mus\u00e9e italien, au Palazzo Maffei, \u00e0 V\u00e9rone, un homme a apparemment gliss\u00e9 et est tomb\u00e9 sur <a href=\"https:\/\/www.leparisien.fr\/faits-divers\/un-geste-irresponsable-un-couple-detruit-la-chaise-de-van-gogh-en-voulant-sasseoir-dessus-dans-un-musee-italien-15-06-2025-EXKIWLKBSBDMJKEN3JCKDLHEIQ.php\" target=\"_self\" rel=\"nofollow noopener\">une chaise orn\u00e9e de bijoux<\/a> r\u00e9alis\u00e9e par l\u2019artiste italien Nicola Bolla. Il prenait des photos avec sa femme en faisant semblant de s\u2019asseoir sur l\u2019objet, et l\u2019a cass\u00e9.<\/p>\n<p><script async src=\"https:\/\/platform.twitter.com\/widgets.js\" charset=\"utf-8\"><\/script><\/p>\n","protected":false},"excerpt":{"rendered":"Il serait tomb\u00e9 en arri\u00e8re en essayant de \u00ab faire un m\u00e8me \u00bb. La Galerie des Offices de&hellip;\n","protected":false},"author":2,"featured_media":201321,"comment_status":"","ping_status":"","sticky":false,"template":"","format":"standard","meta":{"footnotes":""},"categories":[1358],"tags":[1348,1384,1385,1386,58,59,118,1011,27,2955],"class_list":{"0":"post-201320","1":"post","2":"type-post","3":"status-publish","4":"format-standard","5":"has-post-thumbnail","7":"category-arts-et-design","8":"tag-arts","9":"tag-arts-and-design","10":"tag-arts-et-design","11":"tag-design","12":"tag-divertissement","13":"tag-entertainment","14":"tag-faits-divers","15":"tag-fr","16":"tag-france","17":"tag-videos"},"share_on_mastodon":{"url":"https:\/\/pubeurope.com\/@fr\/114739709502540304","error":""},"_links":{"self":[{"href":"https:\/\/www.europesays.com\/fr\/wp-json\/wp\/v2\/posts\/201320","targetHints":{"allow":["GET"]}}],"collection":[{"href":"https:\/\/www.europesays.com\/fr\/wp-json\/wp\/v2\/posts"}],"about":[{"href":"https:\/\/www.europesays.com\/fr\/wp-json\/wp\/v2\/types\/post"}],"author":[{"embeddable":true,"href":"https:\/\/www.europesays.com\/fr\/wp-json\/wp\/v2\/users\/2"}],"replies":[{"embeddable":true,"href":"https:\/\/www.europesays.com\/fr\/wp-json\/wp\/v2\/comments?post=201320"}],"version-history":[{"count":0,"href":"https:\/\/www.europesays.com\/fr\/wp-json\/wp\/v2\/posts\/201320\/revisions"}],"wp:featuredmedia":[{"embeddable":true,"href":"https:\/\/www.europesays.com\/fr\/wp-json\/wp\/v2\/media\/201321"}],"wp:attachment":[{"href":"https:\/\/www.europesays.com\/fr\/wp-json\/wp\/v2\/media?parent=201320"}],"wp:term":[{"taxonomy":"category","embeddable":true,"href":"https:\/\/www.europesays.com\/fr\/wp-json\/wp\/v2\/categories?post=201320"},{"taxonomy":"post_tag","embeddable":true,"href":"https:\/\/www.europesays.com\/fr\/wp-json\/wp\/v2\/tags?post=201320"}],"curies":[{"name":"wp","href":"https:\/\/api.w.org\/{rel}","templated":true}]}}