{"id":201324,"date":"2025-06-24T18:17:12","date_gmt":"2025-06-24T18:17:12","guid":{"rendered":"https:\/\/www.europesays.com\/fr\/201324\/"},"modified":"2025-06-24T18:17:12","modified_gmt":"2025-06-24T18:17:12","slug":"adrien-de-koh-lanta-na-toujours-pas-digere-son-eviction-du-jeu-pour-raisons-medicales","status":"publish","type":"post","link":"https:\/\/www.europesays.com\/fr\/201324\/","title":{"rendered":"Adrien de \u00ab\u00a0Koh-Lanta\u00a0\u00bb n\u2019a toujours pas dig\u00e9r\u00e9 son \u00e9viction du jeu pour \u00ab\u00a0raisons m\u00e9dicales\u00a0\u00bb"},"content":{"rendered":"<p>        <img decoding=\"async\" loading=\"lazy\" src=\"https:\/\/www.europesays.com\/fr\/wp-content\/uploads\/2025\/06\/bd63eae_sirius-fs-upload-1-kyldfuixwqk0-1740413472019-adrien-2.png\"  width=\"728\" height=\"408\" alt=\"Adrien, \u00e9tait un ancien membre de l\u2019\u00e9quipe repr\u00e9sentant le Sud.\"\/>  <\/p>\n<p>APL &#8211;  TF1<\/p>\n<p>Adrien, \u00e9tait un ancien membre de l\u2019\u00e9quipe repr\u00e9sentant le Sud.<\/p>\n<p class=\"asset asset-text\">DIVERTISSEMENT &#8211; Il n\u2019a pas toujours pas dig\u00e9r\u00e9 cette d\u00e9cision de la production. Le 22\u00a0avril dernier, Adrien \u00e9tait \u00e9limin\u00e9 de <a href=\"https:\/\/www.huffingtonpost.fr\/divertissement\/article\/dans-koh-lanta-sur-tf1-la-course-d-orientation-a-rendu-fou-jerome-des-landes_251486.html\" target=\"_blank\" rel=\"noopener\">Koh-Lanta, La Revanche des 4\u00a0Terres<\/a> suite \u00e0 un tirage au sort apr\u00e8s une \u00e9galit\u00e9 avec No\u00e9mie. Quelques jours plus tard, <a href=\"https:\/\/www.huffingtonpost.fr\/divertissement\/article\/dans-koh-lanta-maxime-fait-son-grand-retour-a-la-surprise-generale_249428.html\" target=\"_blank\" rel=\"noopener\">Fr\u00e9d\u00e9ric<\/a> quittait lui aussi l\u2019aventure mais sous le coup d\u2019une blessure. Selon les r\u00e8gles de l\u2019\u00e9mission, Adrien aurait d\u00fb le remplacer. Mais Denis Brogniart expliquait qu\u2019il ne reviendrait pas pour des <a href=\"https:\/\/www.huffingtonpost.fr\/divertissement\/article\/adrien-de-koh-lanta-ne-participera-pas-au-jury-final-voici-la-raison_249462.html\" target=\"_blank\" rel=\"noopener\">\u00ab\u00a0raisons m\u00e9dicales\u00a0\u00bb<\/a>.<\/p>\n<p class=\"asset asset-text\">Au cours d\u2019une interview avec <a href=\"https:\/\/tvmag.lefigaro.fr\/programme-tv\/tele-realite\/j-etais-dans-l-incomprehension-la-colere-et-la-tristesse-adrien-bernaert-revele-les-raisons-de-son-depart-de-koh-lanta-20250623\" target=\"_blank\" rel=\"noopener\" title=\"Nouvelle fen\u00eatre\">TV Magazine<\/a>, Adrien est revenu sur son non-retour dans l\u2019\u00e9mission, qu\u2019il conteste encore aujourd\u2019hui. \u00ab\u00a0J\u2019allais tr\u00e8s bien. Physiquement et mentalement, j\u2019\u00e9tais dans le m\u00eame \u00e9tat que lors de mon \u00e9limination au conseil. Lorsqu\u2019il a fallu proc\u00e9der au remplacement de Fr\u00e9d\u00e9ric, la production m\u2019a dit que je n\u2019\u00e9tais pas apte \u00e0 retourner dans le jeu \u201csur d\u00e9cision du corps m\u00e9dical\u201d\u00a0\u00bb, explique le jeune homme de 23\u00a0ans.<\/p>\n<p class=\"asset asset-text\">\u00c0 l\u2019annonce de la d\u00e9cision de la production, Adrien \u00e9tait dans \u00ab\u00a0l\u2019incompr\u00e9hension\u00a0\u00bb. Il pr\u00e9cise avoir contest\u00e9 son sort avant d\u2019\u00eatre \u00ab\u00a0forc\u00e9 \u00e0 quitter le jeu\u00a0\u00bb et ne pas pouvoir participer au jury final. La production justifiait son d\u00e9part quelques jours apr\u00e8s son \u00e9limination par une \u00ab\u00a0contre-indication\u00a0\u00bb m\u00e9dicale. \u00ab\u00a0Comme ce sont des informations relevant du secret m\u00e9dical, aucune information sur la ou les contre-indications n\u2019est transmise \u00e0 la production\u00a0\u00bb, expliquait-elle \u00e0 <a href=\"https:\/\/www.programme-tv.net\/news\/tv\/377589-pourquoi-adrien-koh-lanta-2025-n-est-il-pas-revenu-pour-raison-medicale-apres-la-blessure-de-frederic-la-production-nous-repond\/\" target=\"_blank\" rel=\"noopener\" title=\"Nouvelle fen\u00eatre\">T\u00e9l\u00e9-Loisirs<\/a> en avril dernier.<\/p>\n<p>    Des raisons m\u00e9dicales douteuses    <\/p>\n<p class=\"asset asset-text\">\u00ab\u00a0Je ne l\u2019ai pas accept\u00e9e sur place ni \u00e0 mon retour en France. Et je pense que je ne dig\u00e9rerai jamais cette d\u00e9cision. Cela a \u00e9t\u00e9 mal g\u00e9r\u00e9 sur le moment, il y avait un timing \u00e0 respecter et une \u00e9mission de t\u00e9l\u00e9 \u00e0 tourner\u00a0\u00bb, d\u00e9clare-t-il. Adrien se d\u00e9finit lui-m\u00eame comme un \u00ab\u00a0cas particulier\u00a0\u00bb qui n\u2019a pas re\u00e7u le traitement qu\u2019il souhaitait. Le verdict li\u00e9 aux raisons m\u00e9dicales ne passe pas lui non plus. \u00ab\u00a0Si j\u2019avais \u00e9t\u00e9 bless\u00e9 ou malade au point de devoir rentrer, je l\u2019aurais dit et je ne serais pas rest\u00e9\u00a0\u00bb, indique l\u2019ancien participant.<\/p>\n<p class=\"asset asset-text\">Les t\u00e9l\u00e9spectateurs le retrouveront-ils dans une saison All-Stars\u00a0? Adrien, qui garde tout de fois de bonnes relations avec l\u2019\u00e9quipe de production, ne dit pas \u00e0 non \u00e0 un retour dans le programme t\u00e9l\u00e9vis\u00e9. \u00ab\u00a0Je sais qu\u2019ils ont d\u00fb prendre une d\u00e9cision dans l\u2019urgence avec moi. M\u00eame si ce n\u2019\u00e9tait peut-\u00eatre pas la bonne d\u00e9cision, il n\u2019y a ni m\u00e9chancet\u00e9 ni haine dans nos rapports\u00a0\u00bb, conclut-il.<\/p>\n<p class=\"asset asset-text\">Koh-Lanta, La Revanche des 4\u00a0Terres prend fin ce mardi 24\u00a0juin, apr\u00e8s l\u2019\u00e9preuve des poteaux et du jury final compos\u00e9 d\u2019anciens aventuriers. Ga\u00eblle, J\u00e9r\u00f4me le Catalan et Ma\u00ebl sont en lice pour remporter la victoire et un ch\u00e8que de 100\u00a0000\u00a0euros. Verdict ce soir autour de 23h30.<\/p>\n","protected":false},"excerpt":{"rendered":"APL &#8211; TF1 Adrien, \u00e9tait un ancien membre de l\u2019\u00e9quipe repr\u00e9sentant le Sud. DIVERTISSEMENT &#8211; Il n\u2019a pas&hellip;\n","protected":false},"author":2,"featured_media":201325,"comment_status":"","ping_status":"","sticky":false,"template":"","format":"standard","meta":{"footnotes":""},"categories":[1356],"tags":[58,11778,59,1011,27,680,252,199,1364],"class_list":{"0":"post-201324","1":"post","2":"type-post","3":"status-publish","4":"format-standard","5":"has-post-thumbnail","7":"category-television","8":"tag-divertissement","9":"tag-emission-tv","10":"tag-entertainment","11":"tag-fr","12":"tag-france","13":"tag-koh-lanta","14":"tag-television","15":"tag-tf1","16":"tag-tv"},"share_on_mastodon":{"url":"https:\/\/pubeurope.com\/@fr\/114739717555047387","error":""},"_links":{"self":[{"href":"https:\/\/www.europesays.com\/fr\/wp-json\/wp\/v2\/posts\/201324","targetHints":{"allow":["GET"]}}],"collection":[{"href":"https:\/\/www.europesays.com\/fr\/wp-json\/wp\/v2\/posts"}],"about":[{"href":"https:\/\/www.europesays.com\/fr\/wp-json\/wp\/v2\/types\/post"}],"author":[{"embeddable":true,"href":"https:\/\/www.europesays.com\/fr\/wp-json\/wp\/v2\/users\/2"}],"replies":[{"embeddable":true,"href":"https:\/\/www.europesays.com\/fr\/wp-json\/wp\/v2\/comments?post=201324"}],"version-history":[{"count":0,"href":"https:\/\/www.europesays.com\/fr\/wp-json\/wp\/v2\/posts\/201324\/revisions"}],"wp:featuredmedia":[{"embeddable":true,"href":"https:\/\/www.europesays.com\/fr\/wp-json\/wp\/v2\/media\/201325"}],"wp:attachment":[{"href":"https:\/\/www.europesays.com\/fr\/wp-json\/wp\/v2\/media?parent=201324"}],"wp:term":[{"taxonomy":"category","embeddable":true,"href":"https:\/\/www.europesays.com\/fr\/wp-json\/wp\/v2\/categories?post=201324"},{"taxonomy":"post_tag","embeddable":true,"href":"https:\/\/www.europesays.com\/fr\/wp-json\/wp\/v2\/tags?post=201324"}],"curies":[{"name":"wp","href":"https:\/\/api.w.org\/{rel}","templated":true}]}}