{"id":201326,"date":"2025-06-24T18:18:10","date_gmt":"2025-06-24T18:18:10","guid":{"rendered":"https:\/\/www.europesays.com\/fr\/201326\/"},"modified":"2025-06-24T18:18:10","modified_gmt":"2025-06-24T18:18:10","slug":"people-le-chanteur-vianney-met-sa-carriere-en-pause-pour-construire-une-cabane","status":"publish","type":"post","link":"https:\/\/www.europesays.com\/fr\/201326\/","title":{"rendered":"People. Le chanteur Vianney met sa carri\u00e8re en pause&#8230; pour construire une cabane"},"content":{"rendered":"<p>Le coach de\u00a0<a href=\"https:\/\/www.ledauphine.com\/culture-loisirs\/2025\/05\/03\/the-voice-le-trio-il-cello-finaliste-de-florent-pagny-remporte-la-14e-saison\" target=\"_blank\" rel=\"nofollow noopener\">The Voice<\/a> ne reviendra pas dans son fauteuil rouge lors de la prochaine saison de l&rsquo;\u00e9mission : <a href=\"https:\/\/www.ledauphine.com\/videos\/vianney-fait-son-entree-au-musee-grevin-j-avais-pas-prevu-du-tout-xfzkmlz\" target=\"_blank\" rel=\"nofollow noopener\">Vianney<\/a> annonce en effet met en pause toute sa carri\u00e8re musicale, dans une vid\u00e9o post\u00e9e lundi sur son compte Instagram.<\/p>\n<p>\u00ab Besoin de me retrouver\u00a0\u00bb<\/p>\n<p>\u00ab The Voice a \u00e9t\u00e9 l&rsquo;une des plus belles aventures de ma vie, mais je ressens le besoin de tourner ces pages-l\u00e0 pour un temps, de me retrouver un petit peu moi \u00bb.<\/p>\n<p>Ce contenu est bloqu\u00e9 car vous n&rsquo;avez pas accept\u00e9 les cookies et autres traceurs.<\/p>\n<p>En cliquant sur \u00ab J\u2019accepte \u00bb, les cookies et autres traceurs seront d\u00e9pos\u00e9s et vous pourrez visualiser les contenus  (<a href=\"\" class=\"consentModule_policy\" target=\"_blank\" title=\"Consulter la politique de protection des donn\u00e9es du fournisseur\">plus d&rsquo;informations<\/a>).<\/p>\n<p>En cliquant sur \u00ab J\u2019accepte tous les cookies \u00bb, vous autorisez des d\u00e9p\u00f4ts de cookies et autres traceurs pour le stockage de vos donn\u00e9es sur nos sites et applications \u00e0 des fins de personnalisation et de ciblage publicitaire.<\/p>\n<p class=\"consentModule_secondaryText\">Vous gardez la possibilit\u00e9 de retirer votre consentement \u00e0 tout moment en consultant notre <a href=\"https:\/\/www.ledauphine.com\/protection-des-donnees\" target=\"_blank\" title=\"Consulter notre politique de protection des donn\u00e9es\" rel=\"nofollow noopener\">politique de protection des donn\u00e9es<\/a>. <br \/>&#13;<br \/>\n            <a href=\"https:\/\/www.ledauphine.com\/culture-loisirs\/2025\/06\/24\/javascript:Didomi.notice.show()\" class=\"consentModule_cmp\" rel=\"nofollow noopener\" target=\"_blank\">G\u00e9rer mes choix<\/a>&#13;\n        <\/p>\n<p>&#13;<br \/>\n                        J&rsquo;accepte&#13;<br \/>\n            J&rsquo;accepte tous les cookies&#13;\n        <\/p>\n<p>Son projet pour les prochains mois \u00a0? \u00ab Faire une cabane, seul et en silence.\u00a0\u00bb Le chanteur compte la construire de ses propres mains \u00a0: \u00ab Peut-\u00eatre qu&rsquo;il faut que je sois un peu charpentier pour r\u00e9apprendre \u00e0 devenir chanteur\u00a0\u00bb, confie-t-il.<\/p>\n<p>L&rsquo;artiste n&rsquo;abandonne pas la musique, car dans sa cabane, il entend installer un piano, et cet hiver, il s&rsquo;y enfermera \u00ab\u00a0pour cr\u00e9er de nouvelles chansons\u00a0\u00bb. \u00ab\u00a0On se revoit bient\u00f4t \u00bb, conclut-il.<\/p>\n","protected":false},"excerpt":{"rendered":"Le coach de\u00a0The Voice ne reviendra pas dans son fauteuil rouge lors de la prochaine saison de l&rsquo;\u00e9mission&hellip;\n","protected":false},"author":2,"featured_media":201327,"comment_status":"","ping_status":"","sticky":false,"template":"","format":"standard","meta":{"footnotes":""},"categories":[1355],"tags":[1687,58,59,107,1011,27,329,1757,1361,873,973],"class_list":{"0":"post-201326","1":"post","2":"type-post","3":"status-publish","4":"format-standard","5":"has-post-thumbnail","7":"category-musique","8":"tag-culture-loisirs","9":"tag-divertissement","10":"tag-entertainment","11":"tag-fil-info","12":"tag-fr","13":"tag-france","14":"tag-france-monde","15":"tag-insolite","16":"tag-music","17":"tag-musique","18":"tag-people"},"share_on_mastodon":{"url":"https:\/\/pubeurope.com\/@fr\/114739721297346270","error":""},"_links":{"self":[{"href":"https:\/\/www.europesays.com\/fr\/wp-json\/wp\/v2\/posts\/201326","targetHints":{"allow":["GET"]}}],"collection":[{"href":"https:\/\/www.europesays.com\/fr\/wp-json\/wp\/v2\/posts"}],"about":[{"href":"https:\/\/www.europesays.com\/fr\/wp-json\/wp\/v2\/types\/post"}],"author":[{"embeddable":true,"href":"https:\/\/www.europesays.com\/fr\/wp-json\/wp\/v2\/users\/2"}],"replies":[{"embeddable":true,"href":"https:\/\/www.europesays.com\/fr\/wp-json\/wp\/v2\/comments?post=201326"}],"version-history":[{"count":0,"href":"https:\/\/www.europesays.com\/fr\/wp-json\/wp\/v2\/posts\/201326\/revisions"}],"wp:featuredmedia":[{"embeddable":true,"href":"https:\/\/www.europesays.com\/fr\/wp-json\/wp\/v2\/media\/201327"}],"wp:attachment":[{"href":"https:\/\/www.europesays.com\/fr\/wp-json\/wp\/v2\/media?parent=201326"}],"wp:term":[{"taxonomy":"category","embeddable":true,"href":"https:\/\/www.europesays.com\/fr\/wp-json\/wp\/v2\/categories?post=201326"},{"taxonomy":"post_tag","embeddable":true,"href":"https:\/\/www.europesays.com\/fr\/wp-json\/wp\/v2\/tags?post=201326"}],"curies":[{"name":"wp","href":"https:\/\/api.w.org\/{rel}","templated":true}]}}