{"id":201340,"date":"2025-06-24T18:25:17","date_gmt":"2025-06-24T18:25:17","guid":{"rendered":"https:\/\/www.europesays.com\/fr\/201340\/"},"modified":"2025-06-24T18:25:17","modified_gmt":"2025-06-24T18:25:17","slug":"ou-est-le-stock-duranium-iranien-apres-les-frappes-disrael-et-des-etats-unis-macron-pointe-le-risque-accru-denrichissement-clandestin-24-06-2025-a-1449","status":"publish","type":"post","link":"https:\/\/www.europesays.com\/fr\/201340\/","title":{"rendered":"O\u00f9 est le stock d&rsquo;uranium iranien? Apr\u00e8s les frappes d&rsquo;Isra\u00ebl et des Etats-Unis, Macron pointe le \u00ab\u00a0risque accru\u00a0\u00bb d&rsquo;enrichissement clandestin &#8211; 24\/06\/2025 \u00e0 14:49"},"content":{"rendered":"<p> Selon l&rsquo;AIEA, l&rsquo;Iran disposait d\u00e9but juin de plus de 400 kilos d&rsquo;uranium enrichi \u00e0 60%. Le doute plane d\u00e9sormais sur la localisation de ces r\u00e9serves et de la mati\u00e8re, qui, si son niveau d&rsquo;enrichissement atteignait 90%, pourrait th\u00e9oriquement servir \u00e0 la fabrication d&rsquo;armes nucl\u00e9aires.<\/p>\n<p>        <img fetchpriority=\"high\" decoding=\"async\" src=\"https:\/\/www.europesays.com\/fr\/wp-content\/uploads\/2025\/06\/65631c0c565e6e4c33ee27286a9501b8-760x528.jpg\" alt=\"Emmanuel Macron, \u00e0 Oslo, le 23 juin 2025 ( AFP \/ ODD ANDERSEN )\" loading=\"eager\" width=\"760\" height=\"528\" style=\"max-width: 100%!important; height: auto;\"\/><\/p>\n<p class=\"c-image-news__legend\">Emmanuel Macron, \u00e0 Oslo, le 23 juin 2025 ( AFP \/ ODD ANDERSEN )<\/p>\n<p>\n \u00ab\u00a0Il nous faut garder le contact\u00a0\u00bb. Pendant qu&rsquo;Etats-Unis, Isra\u00ebl et Iran multipliaient les coups d&rsquo;\u00e9clat par d\u00e9clarations interpos\u00e9es autour du<br \/>\n <a href=\"https:\/\/www.boursorama.com\/actualite-economique\/actualites\/teheran-pret-a-negocier-avec-washington-au-premier-jour-de-treve-entre-l-iran-et-israel-dcaa1f982b64578d7127e2b5003fc0a2\" title=\"T\u00e9h\u00e9ran pr\u00eat \u00e0 n\u00e9gocier avec Washington au premier jour de tr\u00eave entre l Iran et Isra\u00ebl\" rel=\"nofollow noopener\" target=\"_blank\"><br \/>\n  \u00ab\u00a0cessez-le-feu\u00a0\u00bb assur\u00e9 par Donald Trump<br \/>\n <\/a><br \/>\n , Emmanuel Macron a plaid\u00e9 mardi 24 juin pour le maintien des liens diplomatiques avec T\u00e9h\u00e9ran sur la question nucl\u00e9aire, disant craindre \u00ab\u00a0un risque accru\u00a0\u00bb d&rsquo;enrichissement clandestin d&rsquo;uranium apr\u00e8s les frappes am\u00e9ricaines et isra\u00e9liennes sur les sites iraniens.\n<\/p>\n<p>\n \u00ab\u00a0C&rsquo;est un des risques principaux pour la r\u00e9gion, la communaut\u00e9 internationale, c&rsquo;est pourquoi il nous faut garder le contact (avec les Iraniens, ndlr) (&#8230;)<br \/>\n <strong><br \/>\n  et il nous faut absolument \u00e9viter que l&rsquo;Iran aille sur ce chemin\u00a0\u00bb,<br \/>\n <\/strong><br \/>\n a dit Emmanuel Macron depuis la Norv\u00e8ge.\n<\/p>\n<p>\n <strong><br \/>\n  \u00ab\u00a0Ce serait un chemin irresponsable \u00e0 la fois pour la s\u00e9curit\u00e9 r\u00e9gionale, pour la prolif\u00e9ration nucl\u00e9aire internationale, mais \u00e9galement pour les dirigeants\u00a0\u00bb<br \/>\n <\/strong><br \/>\n iraniens, a ajout\u00e9 le pr\u00e9sident de la R\u00e9publique.\n<\/p>\n<p>\n Le gouvernement iranien a assur\u00e9 mardi avoir \u00ab\u00a0pris les mesures n\u00e9cessaires\u00a0\u00bb pour assurer la poursuite du programme nucl\u00e9aire apr\u00e8s les frappes am\u00e9ricaines et isra\u00e9liennes. De nombreuses questions demeurent notamment sur ce qu&rsquo;il est advenu du stock d&rsquo;uranium enrichi \u00e0 60%, niveau proche du seuil de 90%<br \/>\n <a href=\"https:\/\/www.boursorama.com\/actualite-economique\/actualites\/de-l-uranium-a-l-ogive-fabriquer-une-arme-nucleaire-un-processus-technique-et-complexe-ddfc383634bb802eba4915049135ccee\" title=\"De l uranium \u00e0 l ogive : fabriquer une arme nucl\u00e9aire, un processus technique et complexe\" rel=\"nofollow noopener\" target=\"_blank\"><br \/>\n  n\u00e9cessaire \u00e0 la conception d&rsquo;une bombe atomique.<br \/>\n <\/a>\n<\/p>\n<p> Cessez-le-feu pr\u00e9caire<\/p>\n<p>\n Le risque d&rsquo;enrichissement d&rsquo;uranium en dehors de la supervision de l&rsquo;Agence internationale de l&rsquo;\u00e9nergie atomique (AIEA) \u00ab\u00a0est un risque qui existe et que nous redoutons depuis que le JCPOA a \u00e9t\u00e9 fragilis\u00e9\u00a0\u00bb, a dit Emmanuel Macron en r\u00e9f\u00e9rence au retrait des Etats-Unis en 2018 de l&rsquo;accord sur le nucl\u00e9aire avec l&rsquo;Iran.<br \/>\n <strong><br \/>\n  \u00ab\u00a0Ce risque s&rsquo;est accru avec ce qui s&rsquo;est pass\u00e9 r\u00e9cemment\u00a0\u00bb<br \/>\n <\/strong><br \/>\n , a-t-il ajout\u00e9.\n<\/p>\n<p>\n Emmanuel Macron a par ailleurs salu\u00e9 \u00ab\u00a0l&rsquo;appel\u00a0\u00bb \u00e0 un cessez-le-feu, soulignant que c&rsquo;\u00e9tait une \u00ab\u00a0tr\u00e8s bonne chose\u00a0\u00bb. \u00ab\u00a0Il y a eu des d\u00e9clarations importantes et tout \u00e0 fait positives pour appeler chacun \u00e0 revenir \u00e0 la table des discussions et \u00e0 ce que le feu cesse, mais les derni\u00e8res minutes ont montr\u00e9 que la situation demeurait tr\u00e8s fragile\u00a0\u00bb, a ajout\u00e9 le pr\u00e9sident de la R\u00e9publique.<\/p>\n","protected":false},"excerpt":{"rendered":"Selon l&rsquo;AIEA, l&rsquo;Iran disposait d\u00e9but juin de plus de 400 kilos d&rsquo;uranium enrichi \u00e0 60%. Le doute plane&hellip;\n","protected":false},"author":2,"featured_media":201341,"comment_status":"","ping_status":"","sticky":false,"template":"","format":"standard","meta":{"footnotes":""},"categories":[5],"tags":[400,11,398,408,405,1011,27,403,14,402,399,404,12,401,406,407,28],"class_list":{"0":"post-201340","1":"post","2":"type-post","3":"status-publish","4":"format-standard","5":"has-post-thumbnail","7":"category-international","8":"tag-action-cac-40","9":"tag-actualites","10":"tag-bourse-de-paris","11":"tag-boursorama","12":"tag-cotations","13":"tag-fr","14":"tag-france","15":"tag-indices-devises","16":"tag-international","17":"tag-investir","18":"tag-investissement","19":"tag-marche-boursier","20":"tag-news","21":"tag-sicav","22":"tag-trackers","23":"tag-warrants","24":"tag-world"},"share_on_mastodon":{"url":"https:\/\/pubeurope.com\/@fr\/114739748804654587","error":""},"_links":{"self":[{"href":"https:\/\/www.europesays.com\/fr\/wp-json\/wp\/v2\/posts\/201340","targetHints":{"allow":["GET"]}}],"collection":[{"href":"https:\/\/www.europesays.com\/fr\/wp-json\/wp\/v2\/posts"}],"about":[{"href":"https:\/\/www.europesays.com\/fr\/wp-json\/wp\/v2\/types\/post"}],"author":[{"embeddable":true,"href":"https:\/\/www.europesays.com\/fr\/wp-json\/wp\/v2\/users\/2"}],"replies":[{"embeddable":true,"href":"https:\/\/www.europesays.com\/fr\/wp-json\/wp\/v2\/comments?post=201340"}],"version-history":[{"count":0,"href":"https:\/\/www.europesays.com\/fr\/wp-json\/wp\/v2\/posts\/201340\/revisions"}],"wp:featuredmedia":[{"embeddable":true,"href":"https:\/\/www.europesays.com\/fr\/wp-json\/wp\/v2\/media\/201341"}],"wp:attachment":[{"href":"https:\/\/www.europesays.com\/fr\/wp-json\/wp\/v2\/media?parent=201340"}],"wp:term":[{"taxonomy":"category","embeddable":true,"href":"https:\/\/www.europesays.com\/fr\/wp-json\/wp\/v2\/categories?post=201340"},{"taxonomy":"post_tag","embeddable":true,"href":"https:\/\/www.europesays.com\/fr\/wp-json\/wp\/v2\/tags?post=201340"}],"curies":[{"name":"wp","href":"https:\/\/api.w.org\/{rel}","templated":true}]}}