{"id":201344,"date":"2025-06-24T18:27:09","date_gmt":"2025-06-24T18:27:09","guid":{"rendered":"https:\/\/www.europesays.com\/fr\/201344\/"},"modified":"2025-06-24T18:27:09","modified_gmt":"2025-06-24T18:27:09","slug":"le-gouvernement-ordonne-limmobilisation-de-800-000-vehicules-supplementaires-liberation","status":"publish","type":"post","link":"https:\/\/www.europesays.com\/fr\/201344\/","title":{"rendered":"le gouvernement ordonne l\u2019immobilisation de 800\u00a0000 v\u00e9hicules suppl\u00e9mentaires \u2013 Lib\u00e9ration"},"content":{"rendered":"<p class=\"sc-ksZaOG ehjQrN text-element\">Le scandale des <a href=\"https:\/\/www.liberation.fr\/economie\/transports\/airbags-takata-defectueux-marques-modeles-quels-vehicules-sont-concernes-par-le-nouveau-rappel-20250618_NMNYVLO725E7LJASKRVJV74QAQ\/?redirected=1\" target=\"_blank\" rel=\"noreferrer nofollow noopener\" title=\"https:\/\/www.liberation.fr\/economie\/transports\/airbags-takata-defectueux-marques-modeles-quels-vehicules-sont-concernes-par-le-nouveau-rappel-20250618_NMNYVLO725E7LJASKRVJV74QAQ\/?redirected=1\">airbags d\u00e9faillants Takata<\/a> grossit chaque jour un peu plus. Le minist\u00e8re de Transports a annonc\u00e9 mardi 24 juin avoir ordonn\u00e9 aux constructeurs automobiles, toutes marques confondues, d\u2019immobiliser 800 000 v\u00e9hicules suppl\u00e9mentaires en France \u00e9quip\u00e9s d\u2019airbags Takata, mis en cause dans plusieurs accidents. <\/p>\n<p class=\"sc-ksZaOG ehjQrN text-element\">Les voitures concern\u00e9es sont toutes celles \u00e9quip\u00e9es d\u2019airbags consid\u00e9r\u00e9s \u00e0 risque en Corse et en Outre-mer ainsi que les voitures datant d\u2019avant 2011 sur le territoire m\u00e9tropolitain hors Corse.<\/p>\n<p class=\"sc-ksZaOG ehjQrN text-element\">Dans le m\u00eame temps, le minist\u00e8re a demand\u00e9 le rappel g\u00e9n\u00e9ral de toutes les voitures \u00e9quip\u00e9es d\u2019un airbag \u00e0 risque partout en France, soit 600 000 v\u00e9hicules en plus. Les airbags \u00e0 risque sont de m\u00eame technologie que ceux qui ont caus\u00e9 des accidents, le gaz qui les compose \u00e9tant le nitrate d\u2019ammonium sans dessiccant.<\/p>\n<p class=\"sc-ksZaOG ehjQrN text-element\">Ces annonces portent \u00e0 2,5 millions le nombre de v\u00e9hicules vis\u00e9s par un rappel en France, dont 1,7 million par un \u00abstop drive\u00bb, soit une obligation d\u2019immobiliser la voiture. \u00abCette d\u00e9cision vise \u00e0 adresser un message clair et ferme aux constructeurs, tout en incitant les propri\u00e9taires de v\u00e9hicules concern\u00e9s \u00e0 faire v\u00e9rifier leur v\u00e9hicule d\u00e8s que possible\u00bb, a insist\u00e9 le minist\u00e8re des Transports dans son communiqu\u00e9.<\/p>\n<p class=\"sc-ksZaOG ehjQrN text-element\">Cela fait suite \u00e0 l\u2019accident survenu <a href=\"https:\/\/www.liberation.fr\/societe\/les-airbags-takata-a-lorigine-dun-nouvel-accident-mortel-a-reims-20250617_ZFWXMIF6FJBJZG6O4AZA2ASI2M\/\" target=\"_blank\" rel=\"noreferrer nofollow noopener\" title=\"https:\/\/www.liberation.fr\/societe\/les-airbags-takata-a-lorigine-dun-nouvel-accident-mortel-a-reims-20250617_ZFWXMIF6FJBJZG6O4AZA2ASI2M\/\">le 11 juin \u00e0 Reims<\/a> lors duquel une femme de 36 ans a \u00e9t\u00e9 tu\u00e9e par l\u2019explosion de son airbag. La passag\u00e8re \u00e0 l\u2019arri\u00e8re, \u00e2g\u00e9e de 13 ans, a elle \u00e9t\u00e9 bless\u00e9e l\u00e9g\u00e8rement. C\u2019est le deuxi\u00e8me accident mortel en m\u00e9tropole li\u00e9 \u00e0 ces airbags qui ont provoqu\u00e9 au total 18 morts et 25 bless\u00e9s &#8211; dont 16 morts et 24 bless\u00e9s dans les Outre-mer -, selon le minist\u00e8re des Transports.<\/p>\n<p class=\"sc-ksZaOG ehjQrN text-element\">Depuis 2014, <a href=\"https:\/\/www.liberation.fr\/economie\/transports\/airbags-takata-je-leur-ai-dit-quils-pourraient-venir-a-mon-enterrement-apres-un-nouveau-deces-linquietude-des-automobilistes-20250619_JS6FSI26DNFB7DJGVUNZ7Q3K5Q\/\" target=\"_blank\" rel=\"noreferrer nofollow noopener\" title=\"https:\/\/www.liberation.fr\/economie\/transports\/airbags-takata-je-leur-ai-dit-quils-pourraient-venir-a-mon-enterrement-apres-un-nouveau-deces-linquietude-des-automobilistes-20250619_JS6FSI26DNFB7DJGVUNZ7Q3K5Q\/\">le scandale industriel de ces airbags<\/a>, qui ont provoqu\u00e9 des dizaines de morts, secoue le secteur de l\u2019automobile dans le monde. A cause d\u2019un gaz qui vieillit mal, ces \u00e9quipements de s\u00e9curit\u00e9, cens\u00e9s prot\u00e9ger les passagers en cas de choc, peuvent exploser, <a href=\"https:\/\/www.liberation.fr\/economie\/transports\/takata-un-nouvel-accident-mortel-relie-a-lairbag-defectueux-en-guadeloupe-20250512_ZVSHFFLSRVFQFILXOBZZXHTI6Q\/\" target=\"_blank\" rel=\"noreferrer nofollow noopener\" title=\"https:\/\/www.liberation.fr\/economie\/transports\/takata-un-nouvel-accident-mortel-relie-a-lairbag-defectueux-en-guadeloupe-20250512_ZVSHFFLSRVFQFILXOBZZXHTI6Q\/\">notamment dans les climats chauds et humides,<\/a> en projetant des pi\u00e8ces au visage des conducteurs.<\/p>\n<p class=\"sc-ksZaOG ehjQrN text-element\">De nombreux constructeurs ont d\u00fb immobiliser des millions de v\u00e9hicules \u00e0 travers la plan\u00e8te, afin de remplacer les airbags d\u00e9fectueux. Apr\u00e8s l\u2019accident de Reims, le ministre charg\u00e9 des Transports Philippe Tabarot avait demand\u00e9 <a href=\"https:\/\/www.liberation.fr\/economie\/transports\/airbags-takata-le-ministre-des-transports-demande-limmobilisation-de-toutes-les-citroen-c3-faisant-lobjet-dun-rappel-20250617_X7WO24RXT5GMVNLVVJJSGMOBGM\/\" target=\"_blank\" rel=\"noreferrer nofollow noopener\" title=\"https:\/\/www.liberation.fr\/economie\/transports\/airbags-takata-le-ministre-des-transports-demande-limmobilisation-de-toutes-les-citroen-c3-faisant-lobjet-dun-rappel-20250617_X7WO24RXT5GMVNLVVJJSGMOBGM\/\">l\u2019immobilisation de toutes les Citro\u00ebn C3 et DS3<\/a> n\u00e9cessitant un changement d\u2019airbag, soit 100 000 v\u00e9hicules.<\/p>\n<p class=\"sc-ksZaOG ehjQrN text-element\">Philippe Tabarot a lanc\u00e9 une mission d\u2019inspection sur le sujet en f\u00e9vrier. Elle rendra prochainement ses conclusions, \u00e0 la lumi\u00e8re desquelles le ministre n\u2019exclut pas de prendre d\u2019autres d\u00e9cisions. <a href=\"https:\/\/www.liberation.fr\/economie\/transports\/airbags-takata-une-information-judiciaire-a-ete-ouverte-pour-mise-en-danger-de-la-vie-dautrui-20250620_KGOXASY64ZD7TISGSRAMGHZQZY\/\" target=\"_blank\" rel=\"noreferrer nofollow noopener\" title=\"https:\/\/www.liberation.fr\/economie\/transports\/airbags-takata-une-information-judiciaire-a-ete-ouverte-pour-mise-en-danger-de-la-vie-dautrui-20250620_KGOXASY64ZD7TISGSRAMGHZQZY\/\">Une information judiciaire a \u00e9t\u00e9 ouverte<\/a> pour mise en danger de la vie d\u2019autrui, le 16 avril.<\/p>\n<p class=\"sc-ksZaOG ehjQrN text-element\">En attendant, le ministre va prendre un arr\u00eat\u00e9 dans les jours qui viennent pour que chaque automobiliste concern\u00e9 par une mesure d\u2019immobilisation puisse b\u00e9n\u00e9ficier d\u2019un v\u00e9hicule de courtoisie ou d\u2019une prise en charge de sa voiture de location \u00e0 l\u2019approche des cong\u00e9s estivaux. <\/p>\n","protected":false},"excerpt":{"rendered":"Le scandale des airbags d\u00e9faillants Takata grossit chaque jour un peu plus. Le minist\u00e8re de Transports a annonc\u00e9&hellip;\n","protected":false},"author":2,"featured_media":201345,"comment_status":"","ping_status":"","sticky":false,"template":"","format":"standard","meta":{"footnotes":""},"categories":[2],"tags":[11,646,1011,27,12],"class_list":{"0":"post-201344","1":"post","2":"type-post","3":"status-publish","4":"format-standard","5":"has-post-thumbnail","7":"category-actualites","8":"tag-actualites","9":"tag-automobile","10":"tag-fr","11":"tag-france","12":"tag-news"},"share_on_mastodon":{"url":"https:\/\/pubeurope.com\/@fr\/114739756587959300","error":""},"_links":{"self":[{"href":"https:\/\/www.europesays.com\/fr\/wp-json\/wp\/v2\/posts\/201344","targetHints":{"allow":["GET"]}}],"collection":[{"href":"https:\/\/www.europesays.com\/fr\/wp-json\/wp\/v2\/posts"}],"about":[{"href":"https:\/\/www.europesays.com\/fr\/wp-json\/wp\/v2\/types\/post"}],"author":[{"embeddable":true,"href":"https:\/\/www.europesays.com\/fr\/wp-json\/wp\/v2\/users\/2"}],"replies":[{"embeddable":true,"href":"https:\/\/www.europesays.com\/fr\/wp-json\/wp\/v2\/comments?post=201344"}],"version-history":[{"count":0,"href":"https:\/\/www.europesays.com\/fr\/wp-json\/wp\/v2\/posts\/201344\/revisions"}],"wp:featuredmedia":[{"embeddable":true,"href":"https:\/\/www.europesays.com\/fr\/wp-json\/wp\/v2\/media\/201345"}],"wp:attachment":[{"href":"https:\/\/www.europesays.com\/fr\/wp-json\/wp\/v2\/media?parent=201344"}],"wp:term":[{"taxonomy":"category","embeddable":true,"href":"https:\/\/www.europesays.com\/fr\/wp-json\/wp\/v2\/categories?post=201344"},{"taxonomy":"post_tag","embeddable":true,"href":"https:\/\/www.europesays.com\/fr\/wp-json\/wp\/v2\/tags?post=201344"}],"curies":[{"name":"wp","href":"https:\/\/api.w.org\/{rel}","templated":true}]}}