{"id":201399,"date":"2025-06-24T18:56:11","date_gmt":"2025-06-24T18:56:11","guid":{"rendered":"https:\/\/www.europesays.com\/fr\/201399\/"},"modified":"2025-06-24T18:56:11","modified_gmt":"2025-06-24T18:56:11","slug":"auvergne-rhone-alpes-mauvaise-application-du-menu-vegetarien-dans-les-lycees-la-region-condamnee","status":"publish","type":"post","link":"https:\/\/www.europesays.com\/fr\/201399\/","title":{"rendered":"Auvergne-Rh\u00f4ne-Alpes. Mauvaise application du menu v\u00e9g\u00e9tarien dans les lyc\u00e9es, la R\u00e9gion condamn\u00e9e"},"content":{"rendered":"<p>Depuis la loi Egalim, en novembre\u00a02019, un menu v\u00e9g\u00e9tarien hebdomadaire doit \u00eatre propos\u00e9 en restauration scolaire, mais selon l\u2019Association justice animaux Savoie (Ajas), ce n\u2019est pas le cas dans nombre de lyc\u00e9es d\u2019Auvergne-Rh\u00f4ne-Alpes.<\/p>\n<p>Elle a donc port\u00e9 l\u2019affaire devant le tribunal administratif de Lyon. Lors de l\u2019audience, le 6\u00a0juin, la R\u00e9gion avait assur\u00e9 \u00ab\u00a0n\u2019avoir rencontr\u00e9 aucune difficult\u00e9 dans la mise en \u0153uvre du repas v\u00e9g\u00e9tarien\u00a0\u00bb et \u00ab\u00a0n\u2019avoir aucun retour de difficult\u00e9s particuli\u00e8res des principaux int\u00e9ress\u00e9s, gestionnaires, proviseurs, agents de la r\u00e9gion ou parents d\u2019\u00e9l\u00e8ves\u00a0\u00bb.<\/p>\n<p>Dans une d\u00e9cision rendue publique ce mardi, le tribunal administratif de Lyon a donn\u00e9 raison \u00e0 l\u2019association et \u00ab\u00a0enjoint\u00a0\u00e0 la r\u00e9gion Auvergne-Rh\u00f4ne-Alpes de prendre les mesures propres \u00e0 assurer la mise en \u0153uvre de l\u2019obligation de proposer au moins un repas v\u00e9g\u00e9tarien hebdomadaire dans les \u00e9tablissements scolaires dont elle a la charge dans un d\u00e9lai d\u2019un mois \u00a0\u00bb. Elle doit aussi verser 1\u00a0500\u00a0euros \u00e0 l\u2019Ajas.<\/p>\n<p>\u00ab\u00a0Il n\u2019est pas normal que cinq ans apr\u00e8s l\u2019instauration du menu v\u00e9g\u00e9tarien hebdomadaire, certains \u00e9tablissements scolaires se soustraient encore \u00e0 la loi sans que leur organisme de tutelle ne r\u00e9agisse\u00a0\u00bb, a r\u00e9agi\u00a0Pauline di Nicolantonio, pr\u00e9sidente de l\u2019Ajas, dans un communiqu\u00e9.<\/p>\n","protected":false},"excerpt":{"rendered":"Depuis la loi Egalim, en novembre\u00a02019, un menu v\u00e9g\u00e9tarien hebdomadaire doit \u00eatre propos\u00e9 en restauration scolaire, mais selon&hellip;\n","protected":false},"author":2,"featured_media":201400,"comment_status":"","ping_status":"","sticky":false,"template":"","format":"standard","meta":{"footnotes":""},"categories":[1889],"tags":[1111,11,2430,3599,2757,1057,1777,674,1011,27,2428,2756,12,25,2429],"class_list":{"0":"post-201399","1":"post","2":"type-post","3":"status-publish","4":"format-standard","5":"has-post-thumbnail","7":"category-lyon","8":"tag-actu","9":"tag-actualites","10":"tag-auvergne-rhone-alpes","11":"tag-college-lycee","12":"tag-edition-lyon-villeurbanne","13":"tag-education","14":"tag-eu","15":"tag-europe","16":"tag-fr","17":"tag-france","18":"tag-lyon","19":"tag-lyon-bassin","20":"tag-news","21":"tag-republique-francaise","22":"tag-rhone"},"share_on_mastodon":{"url":"https:\/\/pubeurope.com\/@fr\/114739870657341038","error":""},"_links":{"self":[{"href":"https:\/\/www.europesays.com\/fr\/wp-json\/wp\/v2\/posts\/201399","targetHints":{"allow":["GET"]}}],"collection":[{"href":"https:\/\/www.europesays.com\/fr\/wp-json\/wp\/v2\/posts"}],"about":[{"href":"https:\/\/www.europesays.com\/fr\/wp-json\/wp\/v2\/types\/post"}],"author":[{"embeddable":true,"href":"https:\/\/www.europesays.com\/fr\/wp-json\/wp\/v2\/users\/2"}],"replies":[{"embeddable":true,"href":"https:\/\/www.europesays.com\/fr\/wp-json\/wp\/v2\/comments?post=201399"}],"version-history":[{"count":0,"href":"https:\/\/www.europesays.com\/fr\/wp-json\/wp\/v2\/posts\/201399\/revisions"}],"wp:featuredmedia":[{"embeddable":true,"href":"https:\/\/www.europesays.com\/fr\/wp-json\/wp\/v2\/media\/201400"}],"wp:attachment":[{"href":"https:\/\/www.europesays.com\/fr\/wp-json\/wp\/v2\/media?parent=201399"}],"wp:term":[{"taxonomy":"category","embeddable":true,"href":"https:\/\/www.europesays.com\/fr\/wp-json\/wp\/v2\/categories?post=201399"},{"taxonomy":"post_tag","embeddable":true,"href":"https:\/\/www.europesays.com\/fr\/wp-json\/wp\/v2\/tags?post=201399"}],"curies":[{"name":"wp","href":"https:\/\/api.w.org\/{rel}","templated":true}]}}