{"id":201421,"date":"2025-06-24T19:07:11","date_gmt":"2025-06-24T19:07:11","guid":{"rendered":"https:\/\/www.europesays.com\/fr\/201421\/"},"modified":"2025-06-24T19:07:11","modified_gmt":"2025-06-24T19:07:11","slug":"deux-ours-sechappent-de-leur-enclos-pour-une-razzia-sur-un-stock-de-miel-la-police-enquete","status":"publish","type":"post","link":"https:\/\/www.europesays.com\/fr\/201421\/","title":{"rendered":"Deux ours s\u2019\u00e9chappent de leur enclos pour une razzia sur un stock de miel, la police enqu\u00eate"},"content":{"rendered":"<p>Winnie l&rsquo;ourson serait fier. Un <a href=\"https:\/\/www.20minutes.fr\/dossier\/zoo\" target=\"_blank\" class=\"color-ultramarine c-link\" rel=\"noopener\">zoo <\/a>du sud de l\u2019<a href=\"https:\/\/www.20minutes.fr\/dossier\/angleterre\" target=\"_blank\" class=\"color-ultramarine c-link\" rel=\"noopener\">Angleterre<\/a> a \u00e9t\u00e9 le th\u00e9\u00e2tre, lundi, d\u2019une sc\u00e8ne plus que cocasse\u00a0: deux jeunes <a href=\"https:\/\/www.20minutes.fr\/planete\/ours\/\" target=\"_blank\" class=\"color-ultramarine c-link\" rel=\"noopener\">ours <\/a>se sont \u00e9chapp\u00e9s de leur enclos pour se ruer sur une r\u00e9serve de <a href=\"https:\/\/www.20minutes.fr\/dossier\/miel\" target=\"_blank\" class=\"color-ultramarine c-link\" rel=\"noopener\">miel <\/a>stock\u00e9e \u00e0 proximit\u00e9, obligeant le public \u00e0 se replier dans un b\u00e2timent s\u00e9curis\u00e9, a indiqu\u00e9 ce mardi l\u2019\u00e9tablissement.<\/p>\n<\/p>\n<p>Mish et Lucy, deux oursons de 4 ans, \u00ab\u00a0se sont \u00e9chapp\u00e9s de leur enclos [\u2026] et ont fonc\u00e9 tout droit vers leur r\u00e9serve de nourriture\u00a0\u00bb, a indiqu\u00e9 un porte-parole du Wildwood Devon. Les deux <a href=\"https:\/\/www.20minutes.fr\/planete\/animaux\/\" target=\"_blank\" class=\"color-ultramarine c-link\" rel=\"noopener\">animaux <\/a>\u00ab\u00a0se sont r\u00e9gal\u00e9s de diff\u00e9rents produits, dont l\u2019\u00e9quivalent de leur consommation de miel sur une semaine, avant d\u2019\u00eatre raccompagn\u00e9s moins d\u2019une heure plus tard en toute s\u00e9curit\u00e9 vers leur enclos\u00a0\u00bb par les professionnels de l\u2019\u00e9tablissement.<\/p>\n<p>Une enqu\u00eate ouverte par la police<\/p>\n<p>\u00ab\u00a0A aucun moment, ils n\u2019ont repr\u00e9sent\u00e9 une menace pour le public\u00a0\u00bb, m\u00eame si par mesure de s\u00e9curit\u00e9 les visiteurs ont \u00e9t\u00e9 regroup\u00e9s momentan\u00e9ment dans un b\u00e2timent s\u00e9curis\u00e9, a ajout\u00e9 l\u2019\u00e9tablissement. Ils ont \u00e9t\u00e9 surveill\u00e9s \u00e0 tout moment gr\u00e2ce aux cam\u00e9ras de surveillance du site et par des \u00e9quipes sur place. Apr\u00e8s avoir profit\u00e9 de leur butin, Mish et Lucy se sont paisiblement endormis dans leur enclos.<\/p>\n<p>La <a href=\"https:\/\/www.20minutes.fr\/dossier\/police\" target=\"_blank\" class=\"color-ultramarine c-link\" rel=\"noopener\">police <\/a>a \u00e9t\u00e9 d\u00e9p\u00each\u00e9e sur place et une enqu\u00eate est en cours pour savoir comment les deux oursons ont pu s\u2019\u00e9chapper.<\/p>\n<p><a href=\"https:\/\/www.20minutes.fr\/planete\/animaux\/\" target=\"_blank\" class=\"c-link c-btn c-btn--primary\" rel=\"noopener\">Notre dossier sur les animaux<\/a><\/p>\n<p>Le zoo de Wildwood Devon s\u2019\u00e9tend sur plus de 16 hectares de terrains et de bois, et est sp\u00e9cialis\u00e9 dans les esp\u00e8ces indig\u00e8nes britanniques. Il h\u00e9berge ainsi des loups, des renards, des lynx, des reptiles et des oiseaux.<\/p>\n","protected":false},"excerpt":{"rendered":"Winnie l&rsquo;ourson serait fier. Un zoo du sud de l\u2019Angleterre a \u00e9t\u00e9 le th\u00e9\u00e2tre, lundi, d\u2019une sc\u00e8ne plus&hellip;\n","protected":false},"author":2,"featured_media":201422,"comment_status":"","ping_status":"","sticky":false,"template":"","format":"standard","meta":{"footnotes":""},"categories":[1588],"tags":[47,11,4708,1867,1777,674,34048,74,12,34091,473,1853,1851,1850,1852,6031],"class_list":{"0":"post-201421","1":"post","2":"type-post","3":"status-publish","4":"format-standard","5":"has-post-thumbnail","7":"category-royaume-uni","8":"tag-actualite","9":"tag-actualites","10":"tag-angleterre","11":"tag-animaux","12":"tag-eu","13":"tag-europe","14":"tag-miel","15":"tag-monde","16":"tag-news","17":"tag-ours","18":"tag-royaume-uni","19":"tag-royaume-uni-de-grande-bretagne-et-dirlande-du-nord","20":"tag-uk","21":"tag-united-kingdom","22":"tag-united-kingdom-of-great-britain-and-northern-ireland","23":"tag-zoo"},"share_on_mastodon":{"url":"https:\/\/pubeurope.com\/@fr\/114739914054867020","error":""},"_links":{"self":[{"href":"https:\/\/www.europesays.com\/fr\/wp-json\/wp\/v2\/posts\/201421","targetHints":{"allow":["GET"]}}],"collection":[{"href":"https:\/\/www.europesays.com\/fr\/wp-json\/wp\/v2\/posts"}],"about":[{"href":"https:\/\/www.europesays.com\/fr\/wp-json\/wp\/v2\/types\/post"}],"author":[{"embeddable":true,"href":"https:\/\/www.europesays.com\/fr\/wp-json\/wp\/v2\/users\/2"}],"replies":[{"embeddable":true,"href":"https:\/\/www.europesays.com\/fr\/wp-json\/wp\/v2\/comments?post=201421"}],"version-history":[{"count":0,"href":"https:\/\/www.europesays.com\/fr\/wp-json\/wp\/v2\/posts\/201421\/revisions"}],"wp:featuredmedia":[{"embeddable":true,"href":"https:\/\/www.europesays.com\/fr\/wp-json\/wp\/v2\/media\/201422"}],"wp:attachment":[{"href":"https:\/\/www.europesays.com\/fr\/wp-json\/wp\/v2\/media?parent=201421"}],"wp:term":[{"taxonomy":"category","embeddable":true,"href":"https:\/\/www.europesays.com\/fr\/wp-json\/wp\/v2\/categories?post=201421"},{"taxonomy":"post_tag","embeddable":true,"href":"https:\/\/www.europesays.com\/fr\/wp-json\/wp\/v2\/tags?post=201421"}],"curies":[{"name":"wp","href":"https:\/\/api.w.org\/{rel}","templated":true}]}}