{"id":201483,"date":"2025-06-24T19:42:28","date_gmt":"2025-06-24T19:42:28","guid":{"rendered":"https:\/\/www.europesays.com\/fr\/201483\/"},"modified":"2025-06-24T19:42:28","modified_gmt":"2025-06-24T19:42:28","slug":"lamothe-samu-serin-les-notes-du-match-2","status":"publish","type":"post","link":"https:\/\/www.europesays.com\/fr\/201483\/","title":{"rendered":"Lamothe, Samu, Serin, les notes du match"},"content":{"rendered":"<p style=\"text-align: justify;\"><a id=\"notestoulon\"\/><strong>D\u00e9couvrez les notes du match entre l\u2019UBB et le RC Toulon, apr\u00e8s <a href=\"https:\/\/dicodusport.fr\/blog\/demi-finale-top-14-lubb-ne-fait-quune-bouchee-de-toulon-et-rejoint-toulouse-en-finale\/\" target=\"_blank\" rel=\"noopener\">la victoire de Bordeaux-B\u00e8gles en demi-finale de Top 14 (39-24)<\/a>.<\/strong><\/p>\n<p>Les notes du RC Toulon<br \/>\nCeux qui ont brill\u00e9<\/p>\n<p><strong>Leicester Fainga\u2019anuku \u2013 7<\/strong><\/p>\n<p style=\"text-align: justify;\">Fid\u00e8le \u00e0 son match de barrage, il aura \u00e9t\u00e9 des rares Toulonnais \u00e0 proposer quelque chose de tr\u00e8s solide ce soir. Bien au-del\u00e0 de son essai avant la pause, qui a maintenu son \u00e9quipe \u00e0 flot. Encore une fois vraie machine \u00e0 transpercer les d\u00e9fenses et gagner de m\u00e8tres (un bel offload, 11\u00e8me), il a \u00e9t\u00e9 impactant. Il a perdu de sa superbe en deuxi\u00e8me mi-temps. Mais cela s\u2019explique par le manque de ballons de son \u00e9quipe et de ses avants en grande souffrance dans le deuxi\u00e8me acte. Il termine le match avec onze courses avec ballon. Le plus haut total pour un joueur dans la partie, avec son co\u00e9quipier <strong>Melvyn Jaminet.<\/strong><\/p>\n<p><strong>Setariki Tuicuvu \u2013 6,5<\/strong><\/p>\n<p style=\"text-align: justify;\">Romain Buros devrait se souvenir de lui. Avec son \u00e9norme charge sur le Bordelais. Sur une action o\u00f9 il fait gagner une trentaine de m\u00e8tres \u00e0 son \u00e9quipe (malgr\u00e9 la perte de balle de son co\u00e9quipier, dans la foul\u00e9e). Sur chaque course, on a senti qu\u2019il pouvait se passer quelque chose et ce n\u2019est pas un hasard de le voir marquer l\u2019essai de l\u2019honneur, dans le second acte. En revanche, il est p\u00e9nalis\u00e9 pour avoir jou\u00e9 sur un relayeur bordelais. Ce qui est d\u00e9sormais interdit (18\u00e8me).<\/p>\n<p>Ceux qui ont d\u00e9\u00e7u<\/p>\n<p style=\"text-align: justify;\"><strong>Baptiste Serin \u2013 4<\/strong><\/p>\n<p style=\"text-align: justify;\">Si Toulon a eu autant de mal dans le jeu ce samedi soir, c\u2019est que son chef d\u2019orchestre avait oubli\u00e9 la partition. Lui aussi joue un de ses moins bons matchs au pire des moments. Des choix de jeu plus que discutables et quatre ballons perdus dans le match. Il a sembl\u00e9 sans solutions face \u00e0 l\u2019agressivit\u00e9 d\u00e9fensive dans les rucks. Il est vrai, peu aid\u00e9 par ses avants qui se sont fait concasser \u00e0 plusieurs reprises, dans cet aspect de jeu. Ceci dit, il n\u2019a pas trich\u00e9 ce soir. Et ses 11 plaquages r\u00e9ussis (le deuxi\u00e8me total pour un joueur dans ce match) le prouve. Il n\u2019avait juste pas les armes ce soir.<\/p>\n<p style=\"text-align: justify;\"><strong>Kyle Sinclair \u2013 3,5<\/strong><\/p>\n<p style=\"text-align: justify;\">Le pilier toulonnais aura connu un match offensif relativement compliqu\u00e9. Il laisse \u00e9chapper le ballon, alors que <strong>Setariki Tuicuvu<\/strong> avait transperc\u00e9 le rideau bordelais (24\u00e8me). Il est \u00e9galement p\u00e9nalis\u00e9 sur une situation d\u00e9fensive (5\u00e8me). Il a eu du mal \u00e0 peser offensivement sur la partie. Remplac\u00e9 par <strong>Dany Priso<\/strong> (47\u00e8me).<\/p>\n<p style=\"text-align: justify;\"><strong>Esteban Abadie \u2013 3<\/strong><\/p>\n<p style=\"text-align: justify;\">Lui si solide, notamment lors du barrage, est pass\u00e9 \u00e0 c\u00f4t\u00e9 de sa demi-finale. Particuli\u00e8rement d\u00e9fensivement. Il coute deux essais \u00e0 son \u00e9quipe. Sur le premier de l\u2019UBB, il manque totalement sa d\u00e9fense sur Nicolas Depoort\u00e8re (19\u00e8me) et est encore domin\u00e9 par Maxime Lamothe sur le premier des trois essais du Talonneur (28\u00e8me). Offensivement, on a eu du mal \u00e0 voir son apport, lui qui sait \u00eatre tr\u00e8s pr\u00e9cieux dans ce domaine. \u00c0 l\u2019image de ses co\u00e9quipiers, la marche UBB \u00e9tait trop haute pour lui.<\/p>\n<p style=\"text-align: center;\"><a href=\"https:\/\/dicodusport.fr\/blog\/ubb-toulon-lamothe-samu-serin-les-notes-du-match\/\" class=\"su-button su-button-style-flat\" style=\"color:#FFFFFF;background-color:#0057ae;border-color:#00468c;border-radius:4px\" target=\"_self\" rel=\"noopener\"> Retour aux notes de l\u2019UBB<\/a><\/p>\n","protected":false},"excerpt":{"rendered":"D\u00e9couvrez les notes du match entre l\u2019UBB et le RC Toulon, apr\u00e8s la victoire de Bordeaux-B\u00e8gles en demi-finale&hellip;\n","protected":false},"author":2,"featured_media":197036,"comment_status":"","ping_status":"","sticky":false,"template":"","format":"standard","meta":{"footnotes":""},"categories":[9619],"tags":[1111,11,2113,1777,674,1011,27,12,882,8177,25,478,2310,4364,7974],"class_list":{"0":"post-201483","1":"post","2":"type-post","3":"status-publish","4":"format-standard","5":"has-post-thumbnail","7":"category-toulon","8":"tag-actu","9":"tag-actualites","10":"tag-breve","11":"tag-eu","12":"tag-europe","13":"tag-fr","14":"tag-france","15":"tag-news","16":"tag-provence-alpes-cote-dazur","17":"tag-rc-toulon","18":"tag-republique-francaise","19":"tag-top-14","20":"tag-toulon","21":"tag-ubb","22":"tag-union-bordeaux-begles"},"share_on_mastodon":{"url":"https:\/\/pubeurope.com\/@fr\/114740051896351100","error":""},"_links":{"self":[{"href":"https:\/\/www.europesays.com\/fr\/wp-json\/wp\/v2\/posts\/201483","targetHints":{"allow":["GET"]}}],"collection":[{"href":"https:\/\/www.europesays.com\/fr\/wp-json\/wp\/v2\/posts"}],"about":[{"href":"https:\/\/www.europesays.com\/fr\/wp-json\/wp\/v2\/types\/post"}],"author":[{"embeddable":true,"href":"https:\/\/www.europesays.com\/fr\/wp-json\/wp\/v2\/users\/2"}],"replies":[{"embeddable":true,"href":"https:\/\/www.europesays.com\/fr\/wp-json\/wp\/v2\/comments?post=201483"}],"version-history":[{"count":0,"href":"https:\/\/www.europesays.com\/fr\/wp-json\/wp\/v2\/posts\/201483\/revisions"}],"wp:featuredmedia":[{"embeddable":true,"href":"https:\/\/www.europesays.com\/fr\/wp-json\/wp\/v2\/media\/197036"}],"wp:attachment":[{"href":"https:\/\/www.europesays.com\/fr\/wp-json\/wp\/v2\/media?parent=201483"}],"wp:term":[{"taxonomy":"category","embeddable":true,"href":"https:\/\/www.europesays.com\/fr\/wp-json\/wp\/v2\/categories?post=201483"},{"taxonomy":"post_tag","embeddable":true,"href":"https:\/\/www.europesays.com\/fr\/wp-json\/wp\/v2\/tags?post=201483"}],"curies":[{"name":"wp","href":"https:\/\/api.w.org\/{rel}","templated":true}]}}