{"id":201572,"date":"2025-06-24T20:34:12","date_gmt":"2025-06-24T20:34:12","guid":{"rendered":"https:\/\/www.europesays.com\/fr\/201572\/"},"modified":"2025-06-24T20:34:12","modified_gmt":"2025-06-24T20:34:12","slug":"saumur-nouvelle-avenue-et-statuettes-en-bronze-lifce-sengage-dans-un-renouveau-en-matiere-dimage","status":"publish","type":"post","link":"https:\/\/www.europesays.com\/fr\/201572\/","title":{"rendered":"Saumur. Nouvelle avenue et statuettes en bronze, l\u2019IFCE s\u2019engage dans un renouveau en mati\u00e8re d\u2019image"},"content":{"rendered":"<p>La c\u00e9r\u00e9monie d\u2019inauguration de l\u2019avenue du Cadre noir s\u2019inscrit dans la continuit\u00e9 de la d\u00e9lib\u00e9ration adopt\u00e9e en septembre 2022 par le conseil municipal de Saumur, actant le changement de nom de l\u2019ancienne avenue de l\u2019\u00c9cole nationale d\u2019\u00e9quitation. Cette nouvelle appellation refl\u00e8te l\u2019identit\u00e9 actuelle du site et l\u2019image largement partag\u00e9e du Cadre noir, embl\u00e8me de l\u2019\u00e9quitation de tradition fran\u00e7aise. Elle illustre \u00e9galement le lien fort entre Saumur et la culture \u00e9questre.\u00a0Ce choix symbolique permet de renforcer la lisibilit\u00e9 de l\u2019\u00e9tablissement aupr\u00e8s du grand public et de mettre en coh\u00e9rence l\u2019adresse postale avec la d\u00e9nomination usuelle du lieu.<\/p>\n<p><strong><img fetchpriority=\"high\" decoding=\"async\" class=\" wp-image-89084 alignright\" src=\"https:\/\/www.europesays.com\/fr\/wp-content\/uploads\/2025\/06\/2-Statuettes1-Copie.jpeg\" alt=\"\" width=\"375\" height=\"309\"\/>Une \u0153uvre pour marquer le renouveau du b\u00e2timent de direction<\/strong><\/p>\n<p>\u00c0 la suite des travaux de r\u00e9novation du b\u00e2timent de direction du site de Saumur, l\u2019IFCE a s\u00e9lectionn\u00e9 l\u2019artiste Etienne Poulle dans le cadre du dispositif \u00ab 1 % artistique \u00bb. Ce m\u00e9canisme, obligatoire dans tout projet de construction ou de r\u00e9habilitation de b\u00e2timent public, permet de soutenir la cr\u00e9ation artistique contemporaine, ch\u00e8re \u00e0 la France.\u00a0L\u2019artiste a r\u00e9alis\u00e9 sp\u00e9cialement pour l\u2019occasion une vingtaine de statuettes en bronze install\u00e9es pr\u00e8s du b\u00e2timent administratif. Cette \u0153uvre repr\u00e9sente la diversit\u00e9 des pratiques autour du cheval. Elle s\u2019inscrit pleinement dans le parcours de visite propos\u00e9 au public et rappelle le r\u00f4le central de ce site, si\u00e8ge social de l\u2019\u00e9tablissement depuis 2010.<\/p>\n<p><strong>Un \u00e9tablissement ancr\u00e9 dans son territoire, tourn\u00e9 vers l\u2019avenir<\/strong><\/p>\n<p>Ces deux inaugurations soulignent l\u2019attachement de l\u2019IFCE \u00e0 son site historique de Saumur, tout en illustrant son \u00e9volution depuis la fusion des Haras nationaux et de l\u2019\u00c9cole nationale d\u2019\u00e9quitation en 2010. Elles t\u00e9moignent \u00e9galement du lien fort entre l\u2019\u00e9tablissement et les collectivit\u00e9s locales, engag\u00e9es \u00e0 ses c\u00f4t\u00e9s pour faire rayonner le cheval, les savoir-faire et les m\u00e9tiers de la fili\u00e8re.<\/p>\n","protected":false},"excerpt":{"rendered":"La c\u00e9r\u00e9monie d\u2019inauguration de l\u2019avenue du Cadre noir s\u2019inscrit dans la continuit\u00e9 de la d\u00e9lib\u00e9ration adopt\u00e9e en septembre&hellip;\n","protected":false},"author":2,"featured_media":201573,"comment_status":"","ping_status":"","sticky":false,"template":"","format":"standard","meta":{"footnotes":""},"categories":[1358],"tags":[1348,1384,1385,1386,58,59,1011,27],"class_list":{"0":"post-201572","1":"post","2":"type-post","3":"status-publish","4":"format-standard","5":"has-post-thumbnail","7":"category-arts-et-design","8":"tag-arts","9":"tag-arts-and-design","10":"tag-arts-et-design","11":"tag-design","12":"tag-divertissement","13":"tag-entertainment","14":"tag-fr","15":"tag-france"},"share_on_mastodon":{"url":"https:\/\/pubeurope.com\/@fr\/114740256089412156","error":""},"_links":{"self":[{"href":"https:\/\/www.europesays.com\/fr\/wp-json\/wp\/v2\/posts\/201572","targetHints":{"allow":["GET"]}}],"collection":[{"href":"https:\/\/www.europesays.com\/fr\/wp-json\/wp\/v2\/posts"}],"about":[{"href":"https:\/\/www.europesays.com\/fr\/wp-json\/wp\/v2\/types\/post"}],"author":[{"embeddable":true,"href":"https:\/\/www.europesays.com\/fr\/wp-json\/wp\/v2\/users\/2"}],"replies":[{"embeddable":true,"href":"https:\/\/www.europesays.com\/fr\/wp-json\/wp\/v2\/comments?post=201572"}],"version-history":[{"count":0,"href":"https:\/\/www.europesays.com\/fr\/wp-json\/wp\/v2\/posts\/201572\/revisions"}],"wp:featuredmedia":[{"embeddable":true,"href":"https:\/\/www.europesays.com\/fr\/wp-json\/wp\/v2\/media\/201573"}],"wp:attachment":[{"href":"https:\/\/www.europesays.com\/fr\/wp-json\/wp\/v2\/media?parent=201572"}],"wp:term":[{"taxonomy":"category","embeddable":true,"href":"https:\/\/www.europesays.com\/fr\/wp-json\/wp\/v2\/categories?post=201572"},{"taxonomy":"post_tag","embeddable":true,"href":"https:\/\/www.europesays.com\/fr\/wp-json\/wp\/v2\/tags?post=201572"}],"curies":[{"name":"wp","href":"https:\/\/api.w.org\/{rel}","templated":true}]}}