{"id":201590,"date":"2025-06-24T20:44:08","date_gmt":"2025-06-24T20:44:08","guid":{"rendered":"https:\/\/www.europesays.com\/fr\/201590\/"},"modified":"2025-06-24T20:44:08","modified_gmt":"2025-06-24T20:44:08","slug":"liran-prefere-ceder-aux-etats-unis-plutot-que-detre-defait-par-israel","status":"publish","type":"post","link":"https:\/\/www.europesays.com\/fr\/201590\/","title":{"rendered":"l\u2019Iran pr\u00e9f\u00e8re c\u00e9der aux \u00c9tats-Unis plut\u00f4t que d\u2019\u00eatre d\u00e9fait par Isra\u00ebl"},"content":{"rendered":"<p><strong>ANALYSE <\/strong>&#8211; T\u00e9h\u00e9ran a accept\u00e9 un cessez-le-feu, apr\u00e8s avoir soigneusement calibr\u00e9 des repr\u00e9sailles contre une base am\u00e9ricaine au Qatar.<\/p>\n<p class=\"fig-paragraph\">N\u00e9gocier avec les \u00c9tats-Unis, sans donner l\u2019impression de capituler, plut\u00f4t que de s\u2019ent\u00eater et risquer sa survie face \u00e0 Isra\u00ebl. Affaibli par douze jours de frappes, le\u00a0<a href=\"http:\/\/www.lefigaro.fr\/international\/clement-therme-l-alternative-au-regime-iranien-se-trouve-dans-la-societe-civile-20250623\" data-fig-type=\"Article\" data-gtm-custom-categorie=\"navigation\" data-gtm-custom-action=\"crossclick\" data-gtm-custom-label=\"Contextuel\" data-gtm-event=\"customEventSPE\" data-fig-domain=\"LEFIGARO\" target=\"_blank\" rel=\"noopener\">r\u00e9gime iranien<\/a>\u00a0a sauv\u00e9 la face en ripostant symboliquement \u00e0 \u00ab\u00a0l\u2019agression\u00a0\u00bb am\u00e9ricaine, avant d\u2019accepter dans la foul\u00e9e la fin d\u2019une guerre men\u00e9e par son ennemi jur\u00e9 isra\u00e9lien, qui aurait fini par menacer son existence.<\/p>\n<p class=\"fig-paragraph\">Pour T\u00e9h\u00e9ran, \u00ab\u00a0la priorit\u00e9 \u00e9tait de retrouver les voies de la n\u00e9gociation afin de sauver le r\u00e9gime\u00a0\u00bb, estime le chercheur Bernard Hourcade, sp\u00e9cialiste de la R\u00e9publique islamique. Selon lui, \u00ab\u00a0les dirigeants iraniens ne voulaient pas couper les ponts avec<a href=\"http:\/\/www.lefigaro.fr\/international\/qui-est-il-pour-ordonner-un-cessez-le-feu-a-israel-et-l-iran-bernard-henri-levy-fustige-l-annonce-de-donald-trump-20250624\" data-fig-type=\"NewsFlash\" data-gtm-custom-categorie=\"navigation\" data-gtm-custom-action=\"crossclick\" data-gtm-custom-label=\"Contextuel\" data-gtm-event=\"customEventSPE\" data-fig-domain=\"LEFIGARO\" target=\"_blank\" rel=\"noopener\">\u00a0Donald Trump<\/a> , car ils savent que c\u2019est lui qui peut arr\u00eater la guerre avec Isra\u00ebl\u00a0\u00bb. \u00c0 l\u2019issue du conflit, \u00ab\u00a0le r\u00e9gime a \u00e9t\u00e9 humili\u00e9, mais il est encore vivant et pr\u00eat \u00e0 se battre\u00a0\u00bb, constate, de son c\u00f4t\u00e9, Gregory Brew, sp\u00e9cialiste de l\u2019Iran \u00e0 l\u2019Eurasia Group aux \u00c9tats-Unis.<\/p>\n<p class=\"fig-body-link\">\n            \u00c0 lire aussi<br \/>\n        <a class=\"fig-body-link__link fig-premium-mark\" href=\"http:\/\/www.lefigaro.fr\/international\/isole-dans-un-bunker-ali-khamenei-a-des-options-de-riposte-limitees-face-aux-frappes-americaines-20250622\" data-fig-type=\"Article\" data-gtm-custom-categorie=\"navigation\" data-gtm-custom-action=\"crossclick\" data-gtm-custom-label=\"Contextuel\" data-gtm-event=\"customEventSPE\" data-fig-domain=\"LEFIGARO\" target=\"_blank\" rel=\"noopener\">Isol\u00e9 dans un bunker, Ali Khamenei a des options de riposte limit\u00e9es face aux frappes am\u00e9ricaines<br \/>\n    <\/a>\n<\/p>\n<p class=\"fig-paragraph\">Sa riposte calibr\u00e9e aux frappes am\u00e9ricaines de ses installations\u2026<\/p>\n<p class=\"fig-premium-paywall__infos\">\n        Cet article est r\u00e9serv\u00e9 aux abonn\u00e9s.        Il vous reste 84% \u00e0 d\u00e9couvrir.\n    <\/p>\n<p>                <img  data- alt=\"Le Figaro\" class=\"fig-img--complete fig-img\"\/><\/p>\n<p class=\"fig-premium-paywall__title\">Vente Flash<\/p>\n<p class=\"fig-premium-paywall__subtitle\">3,99\u20ac par mois pendant 12 mois. Sans engagement.<\/p>\n<p class=\"fig-premium-paywall__connect\">\n                D\u00e9j\u00e0 abonn\u00e9\u00a0?                <a class=\"fig-premium-paywall__connect-link\" href=\"https:\/\/connect.lefigaro.fr\/login?client=horizon_web&amp;type=main&amp;redirect_uri=https%3A%2F%2Fwww.lefigaro.fr%2Finternational%2Fles-dirigeants-ne-voulaient-pas-couper-les-ponts-avec-trump-l-iran-prefere-ceder-aux-etats-unis-plutot-que-d-etre-defait-par-israel-20250624\" data-js-gtm=\"{&quot;customCategorie&quot;: &quot;conversion&quot;, &quot;customAction&quot;: &quot;before_Landing_Connexion_paywall_auto&quot;, &quot;customLabel&quot;: &quot;bGVmaWdhcm8uZnJfXzFmMDUwZjY1LTFhOGQtNjRmYy1hYjcwLWM1OGVlN2I2YTBkOF9fQXJ0aWNsZQ==_\u00abLes dirigeants ne voulaient pas couper les ponts avec Trump\u00bb: l\u2019Iran pr\u00e9f\u00e8re c\u00e9der aux \u00c9tats-Unis plut\u00f4t que d\u2019\u00eatre d\u00e9fait par Isra\u00ebl_58&quot;, &quot;customIDSPE&quot;: &quot;bGVmaWdhcm8uZnJfXzFmMDUwZjY1LTFhOGQtNjRmYy1hYjcwLWM1OGVlN2I2YTBkOF9fQXJ0aWNsZQ==&quot;, &quot;event&quot;: &quot;customEventSPE&quot;}\" target=\"_blank\" rel=\"noopener\"><br \/>\n                    Connectez-vous<br \/>\n                <\/a>\n            <\/p>\n","protected":false},"excerpt":{"rendered":"ANALYSE &#8211; T\u00e9h\u00e9ran a accept\u00e9 un cessez-le-feu, apr\u00e8s avoir soigneusement calibr\u00e9 des repr\u00e9sailles contre une base am\u00e9ricaine au&hellip;\n","protected":false},"author":2,"featured_media":201591,"comment_status":"","ping_status":"","sticky":false,"template":"","format":"standard","meta":{"footnotes":""},"categories":[5],"tags":[259,11,260,75,1011,27,14,3019,664,261,12,262,28],"class_list":{"0":"post-201590","1":"post","2":"type-post","3":"status-publish","4":"format-standard","5":"has-post-thumbnail","7":"category-international","8":"tag-actualite-internationale","9":"tag-actualites","10":"tag-affaires-etrangeres","11":"tag-donald-trump","12":"tag-fr","13":"tag-france","14":"tag-international","15":"tag-iran","16":"tag-israel","17":"tag-ministere-des-affaires-etrangeres","18":"tag-news","19":"tag-politique-etrangere","20":"tag-world"},"share_on_mastodon":{"url":"https:\/\/pubeurope.com\/@fr\/114740295296794461","error":""},"_links":{"self":[{"href":"https:\/\/www.europesays.com\/fr\/wp-json\/wp\/v2\/posts\/201590","targetHints":{"allow":["GET"]}}],"collection":[{"href":"https:\/\/www.europesays.com\/fr\/wp-json\/wp\/v2\/posts"}],"about":[{"href":"https:\/\/www.europesays.com\/fr\/wp-json\/wp\/v2\/types\/post"}],"author":[{"embeddable":true,"href":"https:\/\/www.europesays.com\/fr\/wp-json\/wp\/v2\/users\/2"}],"replies":[{"embeddable":true,"href":"https:\/\/www.europesays.com\/fr\/wp-json\/wp\/v2\/comments?post=201590"}],"version-history":[{"count":0,"href":"https:\/\/www.europesays.com\/fr\/wp-json\/wp\/v2\/posts\/201590\/revisions"}],"wp:featuredmedia":[{"embeddable":true,"href":"https:\/\/www.europesays.com\/fr\/wp-json\/wp\/v2\/media\/201591"}],"wp:attachment":[{"href":"https:\/\/www.europesays.com\/fr\/wp-json\/wp\/v2\/media?parent=201590"}],"wp:term":[{"taxonomy":"category","embeddable":true,"href":"https:\/\/www.europesays.com\/fr\/wp-json\/wp\/v2\/categories?post=201590"},{"taxonomy":"post_tag","embeddable":true,"href":"https:\/\/www.europesays.com\/fr\/wp-json\/wp\/v2\/tags?post=201590"}],"curies":[{"name":"wp","href":"https:\/\/api.w.org\/{rel}","templated":true}]}}