{"id":201597,"date":"2025-06-24T20:48:20","date_gmt":"2025-06-24T20:48:20","guid":{"rendered":"https:\/\/www.europesays.com\/fr\/201597\/"},"modified":"2025-06-24T20:48:20","modified_gmt":"2025-06-24T20:48:20","slug":"saint-etienne-fonce-sur-serge-philippe-raux-yao","status":"publish","type":"post","link":"https:\/\/www.europesays.com\/fr\/201597\/","title":{"rendered":"Saint-\u00c9tienne fonce sur Serge-Philippe Raux-Yao"},"content":{"rendered":"<p style=\"text-align: justify;\"><strong>TRANSFERTS ASSE \u2013 Pour renforcer sa d\u00e9fense, l\u2019AS Saint-\u00c9tienne aurait dans le viseur l\u2019ancien d\u00e9fenseur de Rodez, Serge-Philippe Raux-Yao.<\/strong><\/p>\n<p style=\"text-align: justify;\">Min\u00e9e par une d\u00e9fense ayant souffert de largesses constantes en Ligue 1, l\u2019<strong>AS Saint-\u00c9tienne<\/strong> compte bien retrouver une assise d\u00e9fensive solide en <strong>Ligue 2<\/strong>, dans l\u2019optique d\u2019une remont\u00e9e imm\u00e9diate. Dans ce cadre, les Verts font le forcing pour attirer un gar\u00e7on qui s\u2019est r\u00e9v\u00e9l\u00e9 \u00e0 ce niveau entre 2021 et 2024.<\/p>\n<p>Raux-Yao, le rem\u00e8de aux probl\u00e8mes d\u00e9fensifs de l\u2019ASSE ?<\/p>\n<p style=\"text-align: justify;\">En effet, avant de faire le bonheur l\u2019ann\u00e9e derni\u00e8re du <strong>Rapid Vienne<\/strong>, <strong>Serge-Philippe Raux-Yao<\/strong> s\u2019\u00e9tait impos\u00e9 comme un ind\u00e9boulonnable \u00e0 Rodez, livrant deux saisons tr\u00e8s solides (31 matchs en 2022-2023, 39 matchs en 2023-2024). En qu\u00eate d\u2019un nouveau challenge l\u2019\u00e9t\u00e9 dernier, le d\u00e9fenseur franco-ivoirien de 26 ans a pris de l\u2019\u00e9paisseur en s\u2019imposant dans le championnat autrichien au sein d\u2019un club historique du championnat local. Il a d\u2019ailleurs \u00e9t\u00e9 le joueur ayant remport\u00e9 le plus de duels en Bundesliga. Par ailleurs, il a \u00e9galement d\u00e9couvert le <a data-autolink-id=\"2\" target=\"_self\" href=\"https:\/\/dicodusport.fr\/definition-sport\/football\/\" rel=\"noopener\">football<\/a> europ\u00e9en en participant \u00e0 la <strong>Ligue Europa Conference<\/strong>.<\/p>\n<p style=\"text-align: justify;\">Selon Peuple Vert, l\u2019ASSE verrait naturellement d\u2019un bon \u0153il son arriv\u00e9e pour stabiliser une d\u00e9fense amen\u00e9e \u00e0 \u00eatre remani\u00e9e dans les grandes largeurs. Cependant, il faudra se montrer convaincant pour convaincre le Rapid de lib\u00e9rer son joueur. D\u2019autant plus que d\u2019autres \u00e9quipes europ\u00e9ennes devraient montrer leur int\u00e9r\u00eat pour le profil du gaucher.<\/p>\n<blockquote class=\"twitter-tweet\">\n<p dir=\"ltr\" lang=\"fr\">\ud83d\udc40 L\u2019ASSE piste Serge-Philippe Raux-Yao !<\/p>\n<p>Le d\u00e9fenseur central du Rapid Vienne (Autriche) int\u00e9resserait les dirigeants st\u00e9phanois.<\/p>\n<p>D\u00e9fenseur moderne, bon dans le duel a\u00e9rien, avec l\u2019exp\u00e9rience Ligue 2, Raux-Yao pourrait co\u00fbter plus de 5M d\u2019euros \u00e0 l\u2019ASSE.<\/p>\n<p>(<a href=\"https:\/\/twitter.com\/PeupleVertFr?ref_src=twsrc%5Etfw\" target=\"_blank\" rel=\"noopener\">@PeupleVertFr<\/a>) <a href=\"https:\/\/t.co\/L28IINGv0y\">pic.twitter.com\/L28IINGv0y<\/a><\/p>\n<p>\u2014 La Mise Au Vert (@LaMiseAuVert_) <a href=\"https:\/\/twitter.com\/LaMiseAuVert_\/status\/1937394094566760472?ref_src=twsrc%5Etfw\" target=\"_blank\" rel=\"noopener\">June 24, 2025<\/a><\/p>\n<\/blockquote>\n<p>\u00c0 lire aussi<br \/>\n<a href=\"https:\/\/dicodusport.fr\/blog\/mercato-asse-2025-2026-le-tableau-complet-des-transferts-arrivees-et-departs\/\" class=\"vlp-link\" title=\"Mercato ASSE 2025-2026 : Le tableau complet des transferts, arriv\u00e9es et d\u00e9parts\" target=\"_blank\" rel=\"noopener\"><img loading=\"lazy\" decoding=\"async\" style=\"max-width: 792px;\" width=\"792\" height=\"445\" class=\"attachment-800x445 size-800x445 perfmatters-lazy\" alt=\"Mercato ASSE 2025-2026 Le tableau complet des transferts, arriv\u00e9es et d\u00e9parts\" src=\"https:\/\/www.europesays.com\/fr\/wp-content\/uploads\/2025\/06\/Mercato-ASSE-2025-2026-Le-tableau-complet-des-transferts-arrivees-et-departs.png\"  data-\/><\/p>\n<p>Mercato ASSE 2025-2026 : Le tableau complet des transferts, arriv\u00e9es et d\u00e9parts<\/p>\n<p>TRANSFERTS ASSE &#8211; Retrouvez tous les mouvements de l&rsquo;Association Sportive Saint-\u00c9tienne pour l&rsquo;intersaison 2025 en Ligue 1. Arriv\u00e9es, d\u00e9part, pr\u00eats, transferts d\u00e9finitifs, ne ratez rien du mercato estival.\u00a0<\/p>\n<p>Lire l&rsquo;article<\/p>\n<p>dicodusport.fr<\/p>\n<p>\t\t\t\t\t\t\t\t\t\t\t\t\t<script async src=\"https:\/\/platform.twitter.com\/widgets.js\" charset=\"utf-8\"><\/script><\/p>\n","protected":false},"excerpt":{"rendered":"TRANSFERTS ASSE \u2013 Pour renforcer sa d\u00e9fense, l\u2019AS Saint-\u00c9tienne aurait dans le viseur l\u2019ancien d\u00e9fenseur de Rodez, Serge-Philippe&hellip;\n","protected":false},"author":2,"featured_media":201598,"comment_status":"","ping_status":"","sticky":false,"template":"","format":"standard","meta":{"footnotes":""},"categories":[9653],"tags":[1111,11,2430,2113,1777,674,1011,27,12,25,4001],"class_list":{"0":"post-201597","1":"post","2":"type-post","3":"status-publish","4":"format-standard","5":"has-post-thumbnail","7":"category-saint-etienne","8":"tag-actu","9":"tag-actualites","10":"tag-auvergne-rhone-alpes","11":"tag-breve","12":"tag-eu","13":"tag-europe","14":"tag-fr","15":"tag-france","16":"tag-news","17":"tag-republique-francaise","18":"tag-saint-etienne"},"share_on_mastodon":{"url":"https:\/\/pubeurope.com\/@fr\/114740311241544315","error":""},"_links":{"self":[{"href":"https:\/\/www.europesays.com\/fr\/wp-json\/wp\/v2\/posts\/201597","targetHints":{"allow":["GET"]}}],"collection":[{"href":"https:\/\/www.europesays.com\/fr\/wp-json\/wp\/v2\/posts"}],"about":[{"href":"https:\/\/www.europesays.com\/fr\/wp-json\/wp\/v2\/types\/post"}],"author":[{"embeddable":true,"href":"https:\/\/www.europesays.com\/fr\/wp-json\/wp\/v2\/users\/2"}],"replies":[{"embeddable":true,"href":"https:\/\/www.europesays.com\/fr\/wp-json\/wp\/v2\/comments?post=201597"}],"version-history":[{"count":0,"href":"https:\/\/www.europesays.com\/fr\/wp-json\/wp\/v2\/posts\/201597\/revisions"}],"wp:featuredmedia":[{"embeddable":true,"href":"https:\/\/www.europesays.com\/fr\/wp-json\/wp\/v2\/media\/201598"}],"wp:attachment":[{"href":"https:\/\/www.europesays.com\/fr\/wp-json\/wp\/v2\/media?parent=201597"}],"wp:term":[{"taxonomy":"category","embeddable":true,"href":"https:\/\/www.europesays.com\/fr\/wp-json\/wp\/v2\/categories?post=201597"},{"taxonomy":"post_tag","embeddable":true,"href":"https:\/\/www.europesays.com\/fr\/wp-json\/wp\/v2\/tags?post=201597"}],"curies":[{"name":"wp","href":"https:\/\/api.w.org\/{rel}","templated":true}]}}