{"id":201785,"date":"2025-06-24T22:35:09","date_gmt":"2025-06-24T22:35:09","guid":{"rendered":"https:\/\/www.europesays.com\/fr\/201785\/"},"modified":"2025-06-24T22:35:09","modified_gmt":"2025-06-24T22:35:09","slug":"en-pologne-linquietude-des-refugies-ukrainiens-apres-lelection-du-president-ultra-nationaliste","status":"publish","type":"post","link":"https:\/\/www.europesays.com\/fr\/201785\/","title":{"rendered":"En Pologne, l&rsquo;inqui\u00e9tude des r\u00e9fugi\u00e9s ukrainiens apr\u00e8s l&rsquo;\u00e9lection du pr\u00e9sident ultra-nationaliste"},"content":{"rendered":"<p>\n                                                En Pologne, l&rsquo;\u00e9lection du nationaliste et conservateur Karol Nawrocki \u00e0 la pr\u00e9sidentielle est un coup dur pour la communaut\u00e9 ukrainienne vivant dans le pays. Tout au long de la campagne \u00e9lectorale, il n&rsquo;a cess\u00e9 de les pointer du doigt, les d\u00e9signant comme des ingrats repr\u00e9sentant un poids pour la Pologne, au cours de d\u00e9bats satur\u00e9s par les questions migratoires et s\u00e9curitaires. Malgr\u00e9 le faible pouvoir de l&rsquo;ex\u00e9cutif polonais, les 900 000 Ukrainiens r\u00e9fugi\u00e9s dans le pays s&rsquo;inqui\u00e8tent du message envoy\u00e9 par le futur chef de l&rsquo;\u00c9tat.                    <\/p>\n<p>De notre correspondant \u00e0 Varsovie,<\/p>\n<p>Tout au long de sa campagne, Karol Nawrocki n&rsquo;a eu de cesse de r\u00e9p\u00e9ter son mantra : \u00ab\u00a0Aidons les autres, mais occupons-nous d&rsquo;abord de nos propres concitoyens. Si je deviens pr\u00e9sident, je d\u00e9fendrai un principe simple, mais fondamental : La <a href=\"https:\/\/www.rfi.fr\/fr\/tag\/pologne\/\" target=\"_self\" rel=\"noopener\"><strong>Pologne<\/strong><\/a> d&rsquo;abord. Les Polonais d&rsquo;abord.\u00a0\u00bb\u00a0Un slogan emprunt\u00e9 \u00e0 <a href=\"https:\/\/www.rfi.fr\/fr\/tag\/donald-trump\/\" target=\"_self\" rel=\"noopener\"><strong>Donald Trump<\/strong><\/a>, \u00e0 qui il voue une admiration assum\u00e9e.<\/p>\n<p><strong><a href=\"https:\/\/www.rfi.fr\/fr\/europe\/20250602-pologne-le-candidat-nationaliste-conservateur-karol-nawrocki-remporte-l-%C3%A9lection-pr%C3%A9sidentielle\" target=\"_self\" rel=\"noopener\">Le nouveau pr\u00e9sident polonais<\/a> <\/strong>a d\u00e9j\u00e0 une id\u00e9e tr\u00e8s pr\u00e9cise de la fa\u00e7on dont il compte s&rsquo;y prendre pour le rendre concret. \u00ab\u00a0Je vais introduire le changement de loi le plus important de ces derni\u00e8res ann\u00e9es. Les citoyens polonais devront avoir la priorit\u00e9 dans la queue chez le m\u00e9decin et dans les centres de sant\u00e9. Dans nos \u00e9coles, dans les cr\u00e8ches, on veut des enfants polonais. Il faut faire en sorte de stopper les d\u00e9penses et de payer les retraites pour les Ukrainiens. Et les allocations sociales devront \u00eatre avant tout destin\u00e9es aux Polonais\u00a0\u00bb, d\u00e9taille-t-il dans une vid\u00e9o. Publi\u00e9e sur les r\u00e9seaux sociaux du pr\u00e9sident \u00e9lu, celle-ci a eu un fort \u00e9cho chez les 900 000 r\u00e9fugi\u00e9s ukrainiens dans le pays.<\/p>\n<p>Le responsable de la fondation Maison ukrainienne, Oleksandr Pestrykov, craint que ce genre de discours ne renforce le sentiment anti-ukrainiens qui monte dans la soci\u00e9t\u00e9 depuis deux ans. \u00ab\u00a0En entendant Nawrocki parler de cette mani\u00e8re, une personne qui n&rsquo;aime pas les Ukrainiens, mais qui aurait eu honte de le dire, peut maintenant le clamer ouvertement. D&rsquo;une certaine mani\u00e8re, il vient l\u00e9gitimer les discours anti-ukrainien chez les citoyens polonais \u00bb, estime-t-il.<\/p>\n<p>D\u00e9j\u00e0 en d\u00e9but d&rsquo;ann\u00e9e, 86\u00a0% des Polonais jugeaient que les allocations sociales devraient \u00eatre suspendues pour les Ukrainiens sans emploi. Certes, ici, la plupart ont bien r\u00e9ussi \u00e0 s&rsquo;int\u00e9grer, notamment en trouvant du travail, un logement et en apprenant le polonais, tr\u00e8s similaire \u00e0 leur langue maternelle. Mais Oleksandr Pestrykov attire l&rsquo;attention sur la diversit\u00e9 des situations au sein de la communaut\u00e9.<\/p>\n<p>\u00ab Pour la plupart des acteurs politiques, les probl\u00e8mes des Ukrainiens concernant le logement, l&rsquo;apprentissage de la langue polonaise sont d\u00e9j\u00e0 derri\u00e8re nous. Mais il y a encore 29 000 r\u00e9fugi\u00e9s qui dorment dans des auberges de jeunesse. Cette cat\u00e9gorie d&rsquo;Ukrainiens \u00e9tait tr\u00e8s visible au d\u00e9part, l&rsquo;\u00c9tat polonais et les ONG voulaient les aider, mais aujourd&rsquo;hui, ils sont invisibilis\u00e9s \u00bb, regrette-t-il.<\/p>\n<p>Quelle que soit leur situation, tous les Ukrainiens que nous avons contact\u00e9s ont refus\u00e9 de commenter les promesses du pr\u00e9sident devant notre micro. Un silence parfaitement compr\u00e9hensible selon le responsable de la fondation. Si son pouvoir ne lui permet pas de faire voter les lois, le chef de l&rsquo;\u00c9tat conserve un droit de veto face au Parlement \u00e0 majorit\u00e9 lib\u00e9rale. Et Oleksandr Pestrykov craint qu&rsquo;il ne s&rsquo;en serve pour bloquer le renouvellement du statut sp\u00e9cial des r\u00e9fugi\u00e9s ukrainiens.<\/p>\n<p class=\"a-read-more\">\u00c0 \u00e9couter aussi<a href=\"https:\/\/www.rfi.fr\/fr\/podcasts\/g%C3%A9opolitique\/20250615-avec-karol-nawrocki-la-pologne-entre-l-europe-et-donald-trump\" target=\"_self\" class=\"a-read-more__link\" rel=\"noopener\">Avec Karol Nawrocki, la Pologne entre l\u2019Europe et Donald Trump<\/a><\/p>\n","protected":false},"excerpt":{"rendered":"En Pologne, l&rsquo;\u00e9lection du nationaliste et conservateur Karol Nawrocki \u00e0 la pr\u00e9sidentielle est un coup dur pour la&hellip;\n","protected":false},"author":2,"featured_media":201786,"comment_status":"","ping_status":"","sticky":false,"template":"","format":"standard","meta":{"footnotes":""},"categories":[1590],"tags":[11,1777,674,12,2437,2495,2436,220],"class_list":{"0":"post-201785","1":"post","2":"type-post","3":"status-publish","4":"format-standard","5":"has-post-thumbnail","7":"category-ukraine","8":"tag-actualites","9":"tag-eu","10":"tag-europe","11":"tag-news","12":"tag-pologne","13":"tag-refugies","14":"tag-reportage-international","15":"tag-ukraine"},"share_on_mastodon":{"url":"https:\/\/pubeurope.com\/@fr\/114740731823108750","error":""},"_links":{"self":[{"href":"https:\/\/www.europesays.com\/fr\/wp-json\/wp\/v2\/posts\/201785","targetHints":{"allow":["GET"]}}],"collection":[{"href":"https:\/\/www.europesays.com\/fr\/wp-json\/wp\/v2\/posts"}],"about":[{"href":"https:\/\/www.europesays.com\/fr\/wp-json\/wp\/v2\/types\/post"}],"author":[{"embeddable":true,"href":"https:\/\/www.europesays.com\/fr\/wp-json\/wp\/v2\/users\/2"}],"replies":[{"embeddable":true,"href":"https:\/\/www.europesays.com\/fr\/wp-json\/wp\/v2\/comments?post=201785"}],"version-history":[{"count":0,"href":"https:\/\/www.europesays.com\/fr\/wp-json\/wp\/v2\/posts\/201785\/revisions"}],"wp:featuredmedia":[{"embeddable":true,"href":"https:\/\/www.europesays.com\/fr\/wp-json\/wp\/v2\/media\/201786"}],"wp:attachment":[{"href":"https:\/\/www.europesays.com\/fr\/wp-json\/wp\/v2\/media?parent=201785"}],"wp:term":[{"taxonomy":"category","embeddable":true,"href":"https:\/\/www.europesays.com\/fr\/wp-json\/wp\/v2\/categories?post=201785"},{"taxonomy":"post_tag","embeddable":true,"href":"https:\/\/www.europesays.com\/fr\/wp-json\/wp\/v2\/tags?post=201785"}],"curies":[{"name":"wp","href":"https:\/\/api.w.org\/{rel}","templated":true}]}}