{"id":201886,"date":"2025-06-24T23:33:18","date_gmt":"2025-06-24T23:33:18","guid":{"rendered":"https:\/\/www.europesays.com\/fr\/201886\/"},"modified":"2025-06-24T23:33:18","modified_gmt":"2025-06-24T23:33:18","slug":"darmanin-va-ordonner-une-inspection-sur-la-disparition-de-scelles","status":"publish","type":"post","link":"https:\/\/www.europesays.com\/fr\/201886\/","title":{"rendered":"Darmanin va ordonner une inspection sur la disparition de scell\u00e9s"},"content":{"rendered":"<p>G\u00e9rald Darmanin a annonc\u00e9 ce mardi qu&rsquo;il allait saisir l&rsquo;Inspection g\u00e9n\u00e9rale de la justice (IGJ) sur la disparition de pi\u00e8ces capitales dans l&rsquo;enqu\u00eate sur la mort de Souheil, un jeune homme tu\u00e9 en 2021 \u00e0 Marseille par un tir policier.\u00a0<a href=\"https:\/\/www.laprovence.com\/article\/faits-divers-justice\/21647564870713\/souheil-el-khalfaoui-tue-par-la-police-a-marseille-des-pieces-convictions-auraient-ete-perdues\" target=\"_blank\" rel=\"noopener\">La famille du jeune homme a port\u00e9 plainte pour d\u00e9tournement de scell\u00e9s.<\/a><\/p>\n<p>\u00ab\u00a0La plainte d\u00e9pos\u00e9e l\u00e9gitimement par la famille permet aux agents du tribunal d&rsquo;essayer de tenter de retrouver ces scell\u00e9s, mais si ce n&rsquo;est pas le cas, d&rsquo;ici mercredi, demain soir, je saisirai l&rsquo;Inspection g\u00e9n\u00e9rale de la Justice\u00a0\u00bb,\u00a0a d\u00e9clar\u00e9 le garde des Sceaux \u00e0 l&rsquo;Assembl\u00e9e nationale, lors de la s\u00e9ance de questions au gouvernement.<\/p>\n<p>Il a expliqu\u00e9 saisir l&rsquo;IGJ pour \u00ab\u00a0non seulement les retrouver, ce qui est l\u00e9gitime pour la manifestation de la v\u00e9rit\u00e9, mais \u00e9galement retrouver les responsabilit\u00e9s, s&rsquo;il devait y en avoir, dans l&rsquo;organisation des scell\u00e9s\u00a0\u00bb.<\/p>\n<p>9 scell\u00e9s ont disparu<\/p>\n<p><a href=\"https:\/\/www.laprovence.com\/article\/edition-marseille\/6560916\/la-famille-de-souheil-veut-la-verite.html\" target=\"_blank\" rel=\"noopener\">Souheil avait \u00e9t\u00e9 tu\u00e9 dans le quartier de la Belle de Mai aux alentours de 19H30, le 4 ao\u00fbt 2021<\/a>, lors d&rsquo;un contr\u00f4le auquel il aurait tent\u00e9 de se soustraire en faisant marche arri\u00e8re, percutant un policier, selon les forces de l&rsquo;ordre. Une version que la famille r\u00e9fute.\u00a0<\/p>\n<p>Dans un courrier dat\u00e9 du 4 juin, adress\u00e9 \u00e0 l&rsquo;avocat de la famille, la juge d&rsquo;instruction charg\u00e9e des investigations indique \u00ab\u00a0qu&rsquo;apr\u00e8s plusieurs mois de recherches\u00a0\u00bb, \u00ab\u00a0neuf scell\u00e9s (&#8230;) demeurent introuvables\u00a0\u00bb.\u00a0Apr\u00e8s leur sortie du service de stockage d\u00e9but 2022, \u00ab\u00a0ils n&rsquo;ont en effet jamais \u00e9t\u00e9 restitu\u00e9s au greffe des scell\u00e9s\u00a0\u00bb, selon ce courrier.\u00a0<\/p>\n<p>Or, parmi eux figurent des pi\u00e8ces \u00e0 conviction capitales, comme une vid\u00e9o de cam\u00e9ra de surveillance d&rsquo;une agence bancaire de la Caisse d&rsquo;Epargne toute proche, l&rsquo;enregistrement de l&rsquo;audition film\u00e9e du policier mis en cause et la balle qui a tu\u00e9 Souheil.<\/p>\n<p>La famille et ses conseils ont d\u00e9nonc\u00e9 lundi dans un communiqu\u00e9 de presse \u00ab\u00a0des pratiques dignes de syst\u00e8mes de corruption, visant \u00e0 \u00e9touffer la v\u00e9rit\u00e9 sur un crime policier\u00a0\u00bb. Dans leur plainte, ils accusent la justice d&rsquo;avoir \u00ab\u00a0volontairement d\u00e9tourn\u00e9 les neuf scell\u00e9s\u00a0\u00bb.<\/p>\n<p>Le parquet de Marseille a ouvert une enqu\u00eate.<\/p>\n","protected":false},"excerpt":{"rendered":"G\u00e9rald Darmanin a annonc\u00e9 ce mardi qu&rsquo;il allait saisir l&rsquo;Inspection g\u00e9n\u00e9rale de la justice (IGJ) sur la disparition&hellip;\n","protected":false},"author":2,"featured_media":201887,"comment_status":"","ping_status":"","sticky":false,"template":"","format":"standard","meta":{"footnotes":""},"categories":[2814],"tags":[17,1111,11,9632,1777,674,274,1011,27,34123,884,12,5912,1072,882,25,34122,5911],"class_list":{"0":"post-201886","1":"post","2":"type-post","3":"status-publish","4":"format-standard","5":"has-post-thumbnail","7":"category-marseille","8":"tag-17","9":"tag-actu","10":"tag-actualites","11":"tag-darmanin","12":"tag-eu","13":"tag-europe","14":"tag-faits-divers-justice","15":"tag-fr","16":"tag-france","17":"tag-khalfaoui","18":"tag-marseille","19":"tag-news","20":"tag-par","21":"tag-police","22":"tag-provence-alpes-cote-dazur","23":"tag-republique-francaise","24":"tag-souheil","25":"tag-tue"},"share_on_mastodon":{"url":"https:\/\/pubeurope.com\/@fr\/114740959851321519","error":""},"_links":{"self":[{"href":"https:\/\/www.europesays.com\/fr\/wp-json\/wp\/v2\/posts\/201886","targetHints":{"allow":["GET"]}}],"collection":[{"href":"https:\/\/www.europesays.com\/fr\/wp-json\/wp\/v2\/posts"}],"about":[{"href":"https:\/\/www.europesays.com\/fr\/wp-json\/wp\/v2\/types\/post"}],"author":[{"embeddable":true,"href":"https:\/\/www.europesays.com\/fr\/wp-json\/wp\/v2\/users\/2"}],"replies":[{"embeddable":true,"href":"https:\/\/www.europesays.com\/fr\/wp-json\/wp\/v2\/comments?post=201886"}],"version-history":[{"count":0,"href":"https:\/\/www.europesays.com\/fr\/wp-json\/wp\/v2\/posts\/201886\/revisions"}],"wp:featuredmedia":[{"embeddable":true,"href":"https:\/\/www.europesays.com\/fr\/wp-json\/wp\/v2\/media\/201887"}],"wp:attachment":[{"href":"https:\/\/www.europesays.com\/fr\/wp-json\/wp\/v2\/media?parent=201886"}],"wp:term":[{"taxonomy":"category","embeddable":true,"href":"https:\/\/www.europesays.com\/fr\/wp-json\/wp\/v2\/categories?post=201886"},{"taxonomy":"post_tag","embeddable":true,"href":"https:\/\/www.europesays.com\/fr\/wp-json\/wp\/v2\/tags?post=201886"}],"curies":[{"name":"wp","href":"https:\/\/api.w.org\/{rel}","templated":true}]}}