{"id":201915,"date":"2025-06-24T23:51:09","date_gmt":"2025-06-24T23:51:09","guid":{"rendered":"https:\/\/www.europesays.com\/fr\/201915\/"},"modified":"2025-06-24T23:51:09","modified_gmt":"2025-06-24T23:51:09","slug":"une-surveillante-dun-internat-catholique-prive-soupconnee-de-viol-sur-une-adolescente-de-15-ans-a-tours","status":"publish","type":"post","link":"https:\/\/www.europesays.com\/fr\/201915\/","title":{"rendered":"Une surveillante d\u2019un internat catholique priv\u00e9 soup\u00e7onn\u00e9e de viol sur une adolescente de 15\u00a0ans \u00e0 Tours"},"content":{"rendered":"<p class=\"paragraph text_align_left lp-f-body-02\">\u00ab\u00a0Effroi\u00a0\u00bb et \u00ab\u00a0consternation\u00a0\u00bb \u00e0 Tours. Une enqu\u00eate a \u00e9t\u00e9 ouverte et une surveillante d\u2019internat de 21\u00a0ans de <a href=\"https:\/\/www.leparisien.fr\/societe\/loir-et-cher-louverture-dun-internat-catholique-non-mixte-fait-reagir-ses-opposants-denoncent-un-projet-dextreme-droite-06-03-2025-TMDBPZZK6VA5NPS2TBKH644AIQ.php\" target=\"_self\" rel=\"nofollow noopener\">l\u2019institution catholique<\/a> priv\u00e9e Marmoutier de Tours mise \u00e0 pied, apr\u00e8s des faits de viol d\u00e9nonc\u00e9s par une \u00e9l\u00e8ve de 15\u00a0ans, selon un communiqu\u00e9 dat\u00e9 de mardi \u00e9manant du dioc\u00e8se et de l\u2019Enseignement catholique d\u2019<a href=\"https:\/\/www.leparisien.fr\/faits-divers\/indre-et-loire-un-garcon-de-11-ans-interpelle-apres-setre-introduit-menacant-et-muni-dun-opinel-dans-un-college-20-06-2025-ISONH5Z3GBC63KERCQF55FW3T4.php\" target=\"_self\" rel=\"nofollow noopener\">Indre-et-Loire<\/a>.<\/p>\n<p class=\"paragraph text_align_left lp-f-body-02\">\u00ab\u00a0Le dioc\u00e8se de Tours, l\u2019enseignement catholique d\u2019Indre-et-Loire expriment leur effroi et leur consternation suite aux faits de viol pr\u00e9sum\u00e9s commis par une surveillante d\u2019internat sur une \u00e9l\u00e8ve de 15\u00a0ans au sein de l\u2019institution Marmoutier de Tours\u00a0\u00bb, ont notamment affirm\u00e9 l\u2019archev\u00eaque de Tours Mgr Vincent Jordy et le directeur dioc\u00e9sain de l\u2019enseignement catholique du d\u00e9partement Bruno Chauvineau, dans un communiqu\u00e9 commun transmis \u00e0 l\u2019AFP. Toutes les parties condamnent \u00ab\u00a0ces faits avec la plus grande fermet\u00e9\u00a0\u00bb.<\/p>\n<p class=\"paragraph text_align_left lp-f-body-02\">La surveillante de 21\u00a0ans a \u00e9t\u00e9 mise \u00e0 pied \u00e0 titre conservatoire par l\u2019\u00e9tablissement \u00e0 la connaissance des faits \u00ab\u00a0le mardi 17\u00a0juin\u00a0\u00bb et un signalement a \u00e9t\u00e9 effectu\u00e9 \u00ab\u00a0d\u00e8s mercredi matin par l\u2019\u00e9tablissement aupr\u00e8s du procureur de la R\u00e9publique, conjointement \u00e0 la proc\u00e9dure mise en place par la famille qui a port\u00e9 plainte\u00a0\u00bb.<\/p>\n<p>\u00ab\u00a0Des actes consentis\u00a0\u00bb, selon l\u2019accus\u00e9e<\/p>\n<p class=\"paragraph text_align_left lp-f-body-02\">\u00ab\u00a0Une enqu\u00eate est en cours\u00a0\u00bb, est-il aussi indiqu\u00e9, confirmant une information de La Nouvelle R\u00e9publique. Le quotidien pr\u00e9cise en outre que la \u00ab\u00a0mise en cause aurait reconnu les faits devant les policiers, assurant que les actes \u00e9taient consentis\u00a0\u00bb.<\/p>\n<p class=\"lp-card-podcast-highlighting__title  lp-f-subtitle-05\">Caussols, la ferme de l\u2019horreur (2\/2)<\/p>\n<p class=\"lp-card-podcast-highlighting__description lp-f-ui-05\">Crime story raconte chaque semaine les grandes affaires criminelles.<\/p>\n<p><a class=\"lp-card-podcast-highlighting__call-to-action\" data-page-type=\"HP\" data-block-name=\"podcast-highlight\">\u00c9couter<\/a><\/p>\n<p class=\"paragraph text_align_left lp-f-body-02\">Le dioc\u00e8se de Tours, la tutelle Sophie Barat-Education, l\u2019enseignement catholique d\u2019Indre-et-Loire et l\u2019Institution Marmoutier ont tenu \u00ab\u00a0\u00e0 assurer la victime et sa famille de leur soutien ind\u00e9fectible dans cette \u00e9preuve\u00a0\u00bb, pr\u00e9cisant qu\u2019une information a \u00e9t\u00e9 envoy\u00e9e \u00e0 l\u2019ensemble des familles.<\/p>\n<p class=\"paragraph text_align_left lp-f-body-02\">\u00ab\u00a0L\u2019\u00e9tablissement collabore pleinement avec les autorit\u00e9s judiciaires afin que toute la lumi\u00e8re soit faite sur cette affaire et que les responsabilit\u00e9s soient \u00e9tablies\u00a0\u00bb, est-il enfin \u00e9crit.<\/p>\n<p class=\"paragraph text_align_left lp-f-body-02\">L\u2019institution Marmoutier, a \u00e9t\u00e9 fond\u00e9e en 1847 par la congr\u00e9gation des S\u0153urs du Sacr\u00e9-C\u0153ur et affirme sur son site Internet \u00ab\u00a0incarner une tradition \u00e9ducative ancr\u00e9e dans l\u2019histoire et ouverte sur le monde\u00a0\u00bb. Plus de 900 \u00e9l\u00e8ves y sont scolaris\u00e9s, de la maternelle au BTS, sur un site de sept hectares.<\/p>\n","protected":false},"excerpt":{"rendered":"\u00ab\u00a0Effroi\u00a0\u00bb et \u00ab\u00a0consternation\u00a0\u00bb \u00e0 Tours. Une enqu\u00eate a \u00e9t\u00e9 ouverte et une surveillante d\u2019internat de 21\u00a0ans de l\u2019institution&hellip;\n","protected":false},"author":2,"featured_media":201916,"comment_status":"","ping_status":"","sticky":false,"template":"","format":"standard","meta":{"footnotes":""},"categories":[2],"tags":[11,459,118,1011,27,12,25],"class_list":{"0":"post-201915","1":"post","2":"type-post","3":"status-publish","4":"format-standard","5":"has-post-thumbnail","7":"category-actualites","8":"tag-actualites","9":"tag-departements-horsidfo","10":"tag-faits-divers","11":"tag-fr","12":"tag-france","13":"tag-news","14":"tag-republique-francaise"},"share_on_mastodon":{"url":"https:\/\/pubeurope.com\/@fr\/114741030888106847","error":""},"_links":{"self":[{"href":"https:\/\/www.europesays.com\/fr\/wp-json\/wp\/v2\/posts\/201915","targetHints":{"allow":["GET"]}}],"collection":[{"href":"https:\/\/www.europesays.com\/fr\/wp-json\/wp\/v2\/posts"}],"about":[{"href":"https:\/\/www.europesays.com\/fr\/wp-json\/wp\/v2\/types\/post"}],"author":[{"embeddable":true,"href":"https:\/\/www.europesays.com\/fr\/wp-json\/wp\/v2\/users\/2"}],"replies":[{"embeddable":true,"href":"https:\/\/www.europesays.com\/fr\/wp-json\/wp\/v2\/comments?post=201915"}],"version-history":[{"count":0,"href":"https:\/\/www.europesays.com\/fr\/wp-json\/wp\/v2\/posts\/201915\/revisions"}],"wp:featuredmedia":[{"embeddable":true,"href":"https:\/\/www.europesays.com\/fr\/wp-json\/wp\/v2\/media\/201916"}],"wp:attachment":[{"href":"https:\/\/www.europesays.com\/fr\/wp-json\/wp\/v2\/media?parent=201915"}],"wp:term":[{"taxonomy":"category","embeddable":true,"href":"https:\/\/www.europesays.com\/fr\/wp-json\/wp\/v2\/categories?post=201915"},{"taxonomy":"post_tag","embeddable":true,"href":"https:\/\/www.europesays.com\/fr\/wp-json\/wp\/v2\/tags?post=201915"}],"curies":[{"name":"wp","href":"https:\/\/api.w.org\/{rel}","templated":true}]}}