{"id":201921,"date":"2025-06-24T23:55:10","date_gmt":"2025-06-24T23:55:10","guid":{"rendered":"https:\/\/www.europesays.com\/fr\/201921\/"},"modified":"2025-06-24T23:55:10","modified_gmt":"2025-06-24T23:55:10","slug":"carmaux-les-rugbymen-juniors-de-lusc-sinclinent-en-finale-apres-une-belle-saison","status":"publish","type":"post","link":"https:\/\/www.europesays.com\/fr\/201921\/","title":{"rendered":"Carmaux\u00a0: les rugbymen juniors de l\u2019USC s\u2019inclinent en finale apr\u00e8s une belle saison"},"content":{"rendered":"<p>\n                                                                    l&rsquo;essentiel<br \/>\n                                                                En finale de la Coupe Occitanie juniors U19 R\u00e9gionale \u00e0 X, l\u2019USC s\u2019est inclin\u00e9e 10-34 face aux Aveyronnais de Villefranche-de-Rouergue, sur le terrain de La Primaube.\n                            <\/p>\n<p>\u00ab\u00a0Nos juniors ont fait un beau parcours et a montr\u00e9 beaucoup de vaillance. Je suis tr\u00e8s fi\u00e8re d\u2019avoir recr\u00e9\u00e9 cette \u00e9quipe, analyse \u00c9lodie Durand-Quintard, pr\u00e9sidente du club. Ils ont port\u00e9 fi\u00e8rement les couleurs en finale et cela est magnifique. Notre public s\u2019est d\u00e9plac\u00e9 et nous les en remercions. La saison prochaine, l\u2019\u00e9quipe sera renforc\u00e9e par de nouveaux joueurs, comme pour l\u2019\u00e9quipe cadets.\u00a0\u00bb<\/p>\n<p>Soucieuse de renforcer le p\u00f4le jeune de l\u2019ovale carmausin, \u00c9lodie Durand-Quintard a annonc\u00e9, au cours de l\u2019assembl\u00e9e g\u00e9n\u00e9rale de l\u2019USC rugby, la nouvelle composition de l\u2019encadrement.<\/p>\n<p>Le staff des cadets USC 2025-2026 sera compos\u00e9 de Fr\u00e9d\u00e9ric Ghettem, Fabien Bascoul, Ga\u00ebtan Labeuche et Cyril Durand et celui des juniors de l\u2019USC 2025-2026 sera lui constitu\u00e9\u00a0de Cyril Cazeau, Ludovic Gemin et Ga\u00ebtan Labeuche. Les entra\u00eenements des cadets et des juniors auront lieu le mardi et le vendredi \u00e0 18\u00a0h\u00a045. Un compte rendu d\u00e9taill\u00e9 de la derni\u00e8re assembl\u00e9e g\u00e9n\u00e9rale aura lieu dans une prochaine \u00e9dition de La D\u00e9p\u00eache du Midi.<\/p>\n<p>Autre info du club, le samedi 5\u00a0juillet, \u00e0 partir de 9\u00a0h, au stade Jean-Vareilles, ce sera le traditionnel tournoi mixte de rugby \u00e0 5. Il sera ouvert \u00e0 tous, licenci\u00e9s et non licenci\u00e9s. Tarifs\u00a0: 12\u00a0\u20ac avec repas, 7\u00a0\u20ac sans repas. Inscriptions\u00a0: V\u00e9ronique, 06\u00a026\u00a063\u00a002\u00a073. Il y aura buvette et restauration et la journ\u00e9e sera anim\u00e9e par un DJ.<\/p>\n","protected":false},"excerpt":{"rendered":"l&rsquo;essentiel En finale de la Coupe Occitanie juniors U19 R\u00e9gionale \u00e0 X, l\u2019USC s\u2019est inclin\u00e9e 10-34 face aux&hellip;\n","protected":false},"author":2,"featured_media":201922,"comment_status":"","ping_status":"","sticky":false,"template":"","format":"standard","meta":{"footnotes":""},"categories":[1416],"tags":[1011,27,479,1468,60],"class_list":{"0":"post-201921","1":"post","2":"type-post","3":"status-publish","4":"format-standard","5":"has-post-thumbnail","7":"category-rugby","8":"tag-fr","9":"tag-france","10":"tag-rugby","11":"tag-rugby-football","12":"tag-sports"},"share_on_mastodon":{"url":"https:\/\/pubeurope.com\/@fr\/114741046428126787","error":""},"_links":{"self":[{"href":"https:\/\/www.europesays.com\/fr\/wp-json\/wp\/v2\/posts\/201921","targetHints":{"allow":["GET"]}}],"collection":[{"href":"https:\/\/www.europesays.com\/fr\/wp-json\/wp\/v2\/posts"}],"about":[{"href":"https:\/\/www.europesays.com\/fr\/wp-json\/wp\/v2\/types\/post"}],"author":[{"embeddable":true,"href":"https:\/\/www.europesays.com\/fr\/wp-json\/wp\/v2\/users\/2"}],"replies":[{"embeddable":true,"href":"https:\/\/www.europesays.com\/fr\/wp-json\/wp\/v2\/comments?post=201921"}],"version-history":[{"count":0,"href":"https:\/\/www.europesays.com\/fr\/wp-json\/wp\/v2\/posts\/201921\/revisions"}],"wp:featuredmedia":[{"embeddable":true,"href":"https:\/\/www.europesays.com\/fr\/wp-json\/wp\/v2\/media\/201922"}],"wp:attachment":[{"href":"https:\/\/www.europesays.com\/fr\/wp-json\/wp\/v2\/media?parent=201921"}],"wp:term":[{"taxonomy":"category","embeddable":true,"href":"https:\/\/www.europesays.com\/fr\/wp-json\/wp\/v2\/categories?post=201921"},{"taxonomy":"post_tag","embeddable":true,"href":"https:\/\/www.europesays.com\/fr\/wp-json\/wp\/v2\/tags?post=201921"}],"curies":[{"name":"wp","href":"https:\/\/api.w.org\/{rel}","templated":true}]}}