{"id":201934,"date":"2025-06-25T00:03:09","date_gmt":"2025-06-25T00:03:09","guid":{"rendered":"https:\/\/www.europesays.com\/fr\/201934\/"},"modified":"2025-06-25T00:03:09","modified_gmt":"2025-06-25T00:03:09","slug":"ce-concours-photos-ouvert-aux-photographes-amateurs-a-marmande-promet-de-belles-surprises","status":"publish","type":"post","link":"https:\/\/www.europesays.com\/fr\/201934\/","title":{"rendered":"Ce concours photos ouvert aux photographes amateurs \u00e0 Marmande promet de belles surprises"},"content":{"rendered":"<p>            Par<br \/>\n        <strong><br \/>\n            <a href=\"https:\/\/actu.fr\/auteur\/tomy-rigouleau\" title=\"Consulter tous les articles de Tomy Rigouleau\" rel=\"nofollow noopener\" target=\"_blank\">Tomy Rigouleau<\/a><br \/>\n        <\/strong><\/p>\n<p>        Publi\u00e9 le<\/p>\n<p>            24 juin 2025 \u00e0 11h46        <\/p>\n<p data-end=\"978\">L\u2019Office Marmandais du Sport (OMS) \u00e0 <a href=\"https:\/\/actu.fr\/nouvelle-aquitaine\/lot-et-garonne_47\" rel=\"nofollow noopener\" target=\"_blank\">Marmande (Lot-et-Garonne)<\/a> a d\u00e9cid\u00e9 de relancer son traditionnel <b>concours gratuit de photos sportives<\/b> ouvert \u00e0 tous les photographes amateurs, sans limite d\u2019\u00e2ge. L\u2019objectif est de valoriser les clubs et les sportifs du Marmandais. Plusieurs prix seront d\u00e9cern\u00e9s.<\/p>\n<p>Ouvert \u00e0 tous les photographes amateurs<\/p>\n<p data-end=\"978\" class=\" wall-content\">Que ce soit avec <b>un t\u00e9l\u00e9phone ou un appareil photo<\/b>, les clich\u00e9s doivent avoir \u00e9t\u00e9 pris cette saison, entre ao\u00fbt\u00a02024 et le 4\u00a0juillet prochain, lors d\u2019un \u00e9v\u00e9nement sportif qui concerne un club du Marmandais. \u00ab\u2009Il ne faut pas se sentir professionnel pour participer\u2009\u00bb, insiste Camille Sassin, membre de l\u2019OMS.<\/p>\n<p data-end=\"978\" class=\" wall-content\">Chaque participant peut envoyer <b>jusqu\u2019\u00e0 5 photos<\/b>, retouch\u00e9es ou non, chacune issue d\u2019un \u00e9v\u00e9nement diff\u00e9rent, \u00e0 <a href=\"https:\/\/actu.fr\/cdn-cgi\/l\/email-protection\" class=\"__cf_email__\" data-cfemail=\"a9dacccadbccddc8dbc0c8dde9c6c4dac4c8dbc4c8c7cdcc87cac6c4\" rel=\"nofollow noopener\" target=\"_blank\">[email\u00a0protected]<\/a> <b>avant le 4\u00a0juillet 2025<\/b> \u00e0 minuit.<\/p>\n<p>Un \u00e9cran plat et d\u2019autres surprises \u00e0 gagner<\/p>\n<p data-end=\"978\" class=\" wall-content\">Un jury d\u00e9signera un prix tandis qu\u2019un second prix sera attribu\u00e9 par le public en septembre lors du forum des sports. De nombreux lots sont \u00e0 gagner, dont un \u00e9cran plat. Inscriptions et r\u00e8glement complet sur le site internet de l\u2019<a href=\"https:\/\/omsmarmande.com\/\" rel=\"nofollow noopener\" target=\"_blank\">Office Marmandais du Sport<\/a>.<\/p>\n<p class=\" wall-content\">Suivez toute l\u2019actualit\u00e9 de vos villes et m\u00e9dias favoris en vous inscrivant \u00e0 <a href=\"https:\/\/moncompte.actu.fr\" title=\"D\u00e9couvez Mon Actu\" rel=\"nofollow noopener\" data-trk=\"{&quot;cta&quot;:{&quot;action&quot;:&quot;https:\\\/\\\/moncompte.actu.fr&quot;,&quot;category&quot;:&quot;mon compte&quot;,&quot;from&quot;:&quot;article footer&quot;,&quot;name&quot;:&quot;Mon actu&quot;,&quot;type&quot;:&quot;cta&quot;}}\" target=\"_blank\">Mon Actu<\/a>.<\/p>\n","protected":false},"excerpt":{"rendered":"Par Tomy Rigouleau Publi\u00e9 le 24 juin 2025 \u00e0 11h46 L\u2019Office Marmandais du Sport (OMS) \u00e0 Marmande (Lot-et-Garonne)&hellip;\n","protected":false},"author":2,"featured_media":201935,"comment_status":"","ping_status":"","sticky":false,"template":"","format":"standard","meta":{"footnotes":""},"categories":[1358],"tags":[1348,1384,1385,1386,58,59,1011,27,1756,104,517],"class_list":{"0":"post-201934","1":"post","2":"type-post","3":"status-publish","4":"format-standard","5":"has-post-thumbnail","7":"category-arts-et-design","8":"tag-arts","9":"tag-arts-and-design","10":"tag-arts-et-design","11":"tag-design","12":"tag-divertissement","13":"tag-entertainment","14":"tag-fr","15":"tag-france","16":"tag-photographie","17":"tag-societe","18":"tag-sport"},"share_on_mastodon":{"url":"https:\/\/pubeurope.com\/@fr\/114741077939391553","error":""},"_links":{"self":[{"href":"https:\/\/www.europesays.com\/fr\/wp-json\/wp\/v2\/posts\/201934","targetHints":{"allow":["GET"]}}],"collection":[{"href":"https:\/\/www.europesays.com\/fr\/wp-json\/wp\/v2\/posts"}],"about":[{"href":"https:\/\/www.europesays.com\/fr\/wp-json\/wp\/v2\/types\/post"}],"author":[{"embeddable":true,"href":"https:\/\/www.europesays.com\/fr\/wp-json\/wp\/v2\/users\/2"}],"replies":[{"embeddable":true,"href":"https:\/\/www.europesays.com\/fr\/wp-json\/wp\/v2\/comments?post=201934"}],"version-history":[{"count":0,"href":"https:\/\/www.europesays.com\/fr\/wp-json\/wp\/v2\/posts\/201934\/revisions"}],"wp:featuredmedia":[{"embeddable":true,"href":"https:\/\/www.europesays.com\/fr\/wp-json\/wp\/v2\/media\/201935"}],"wp:attachment":[{"href":"https:\/\/www.europesays.com\/fr\/wp-json\/wp\/v2\/media?parent=201934"}],"wp:term":[{"taxonomy":"category","embeddable":true,"href":"https:\/\/www.europesays.com\/fr\/wp-json\/wp\/v2\/categories?post=201934"},{"taxonomy":"post_tag","embeddable":true,"href":"https:\/\/www.europesays.com\/fr\/wp-json\/wp\/v2\/tags?post=201934"}],"curies":[{"name":"wp","href":"https:\/\/api.w.org\/{rel}","templated":true}]}}