{"id":201957,"date":"2025-06-25T00:16:14","date_gmt":"2025-06-25T00:16:14","guid":{"rendered":"https:\/\/www.europesays.com\/fr\/201957\/"},"modified":"2025-06-25T00:16:14","modified_gmt":"2025-06-25T00:16:14","slug":"je-ne-comprends-pas-sa-disparition-dit-son-proprietaire","status":"publish","type":"post","link":"https:\/\/www.europesays.com\/fr\/201957\/","title":{"rendered":"\u00abJe ne comprends pas sa disparition\u00bb, dit son propri\u00e9taire"},"content":{"rendered":"<p>Il mesure environ un m\u00e8tre de long. Un python s&rsquo;est \u00e9chapp\u00e9 de son terrarium, mardi 24 juin au matin, install\u00e9 dans l&rsquo;appartement de ses propri\u00e9taires habitant proche du centre-ville de Roche-la-Moli\u00e8re, pr\u00e8s de Saint-\u00c9tienne.<\/p>\n<p>Mathieu son propri\u00e9taire est tr\u00e8s \u00e9mu quand il nous parle en d\u00e9but d\u2019apr\u00e8s-midi. \u00ab\u00a0Je me suis lev\u00e9 \u00e0 4 heures du matin pour partir au boulot, et c\u2019est l\u00e0 que j\u2019ai d\u00e9couvert la disparition de mon python. Le terrarium \u00e9tait ouvert et le serpent disparu. J\u2019ai trouv\u00e9 \u00e7a tr\u00e8s bizarre. Hier, j\u2019avais trop de travail et je n\u2019ai pas eu le temps, comme je le fais chaque jour, de le prendre un peu sur moi, donc le terrarium \u00e9tait ferm\u00e9. Je ne comprends pas sa disparition\u00a0\u00bb.<\/p>\n<p>Dans la foul\u00e9e, il contacte les pompiers. Mais comme le serpent n\u2019\u00e9tait pas visible, ces derniers ne pouvaient pas se d\u00e9placer. Ils ne viennent que pour r\u00e9cup\u00e9rer l\u2019animal.<\/p>\n<p>Ce contenu est bloqu\u00e9 car vous n&rsquo;avez pas accept\u00e9 les cookies et autres traceurs.<\/p>\n<p>En cliquant sur \u00ab J\u2019accepte \u00bb, les cookies et autres traceurs seront d\u00e9pos\u00e9s et vous pourrez visualiser les contenus  (<a href=\"\" class=\"consentModule_policy\" target=\"_blank\" title=\"Consulter la politique de protection des donn\u00e9es du fournisseur\">plus d&rsquo;informations<\/a>).<\/p>\n<p>En cliquant sur \u00ab J\u2019accepte tous les cookies \u00bb, vous autorisez des d\u00e9p\u00f4ts de cookies et autres traceurs pour le stockage de vos donn\u00e9es sur nos sites et applications \u00e0 des fins de personnalisation et de ciblage publicitaire.<\/p>\n<p class=\"consentModule_secondaryText\">Vous gardez la possibilit\u00e9 de retirer votre consentement \u00e0 tout moment en consultant notre <a href=\"https:\/\/www.leprogres.fr\/protection-des-donnees\" target=\"_blank\" title=\"Consulter notre politique de protection des donn\u00e9es\" rel=\"noopener\">politique de protection des donn\u00e9es<\/a>. <br \/>&#13;<br \/>\n            <a href=\"https:\/\/www.leprogres.fr\/insolite\/2025\/06\/24\/javascript:Didomi.notice.show()\" class=\"consentModule_cmp\" target=\"_blank\" rel=\"noopener\">G\u00e9rer mes choix<\/a>&#13;\n        <\/p>\n<p>&#13;<br \/>\n                        J&rsquo;accepte&#13;<br \/>\n            J&rsquo;accepte tous les cookies&#13;\n        <\/p>\n<p>  Le serpent n&rsquo;est pas dangereux pour l&rsquo;humain<\/p>\n<p>De plus, ce python n\u2019est pas dangereux pour l\u2019\u00eatre humain.\u00a0Mathieu\u00a0se tourne alors vers\u00a0la police nationale, qui a fini par lancer, en fin de matin\u00e9e, un avis de recherche. Les Rouchons s\u2019affolaient quand m\u00eame un peu, surtout que l\u2019avis de recherche ne pr\u00e9cisait pas le quartier o\u00f9 se serpent avait disparu.<\/p>\n<p>  Le serpent n&rsquo;a toujours pas \u00e9t\u00e9 retrouv\u00e9<\/p>\n<p>D&rsquo;apr\u00e8s nos informations, il \u00e9tait parti d\u2019un appartement, proche du centre-ville. Toute la matin\u00e9e, Mathieu et sa compagne ont cherch\u00e9 leur animal de compagnie.<\/p>\n<p>En ce milieu d&rsquo;apr\u00e8s-midi, le serpent n&rsquo;avait pas encore \u00e9t\u00e9 retrouv\u00e9. Les services de police invitent toute personne ayant aper\u00e7u le reptile \u00e0 contacter le 17.<\/p>\n","protected":false},"excerpt":{"rendered":"Il mesure environ un m\u00e8tre de long. Un python s&rsquo;est \u00e9chapp\u00e9 de son terrarium, mardi 24 juin au&hellip;\n","protected":false},"author":2,"featured_media":201958,"comment_status":"","ping_status":"","sticky":false,"template":"","format":"standard","meta":{"footnotes":""},"categories":[9653],"tags":[1111,11,2430,7539,1777,674,107,1011,27,1757,3367,12,25,12490,4001],"class_list":{"0":"post-201957","1":"post","2":"type-post","3":"status-publish","4":"format-standard","5":"has-post-thumbnail","7":"category-saint-etienne","8":"tag-actu","9":"tag-actualites","10":"tag-auvergne-rhone-alpes","11":"tag-edition-loire-sud","12":"tag-eu","13":"tag-europe","14":"tag-fil-info","15":"tag-fr","16":"tag-france","17":"tag-insolite","18":"tag-loire","19":"tag-news","20":"tag-republique-francaise","21":"tag-roche-la-moliere","22":"tag-saint-etienne"},"share_on_mastodon":{"url":"https:\/\/pubeurope.com\/@fr\/114741128923284765","error":""},"_links":{"self":[{"href":"https:\/\/www.europesays.com\/fr\/wp-json\/wp\/v2\/posts\/201957","targetHints":{"allow":["GET"]}}],"collection":[{"href":"https:\/\/www.europesays.com\/fr\/wp-json\/wp\/v2\/posts"}],"about":[{"href":"https:\/\/www.europesays.com\/fr\/wp-json\/wp\/v2\/types\/post"}],"author":[{"embeddable":true,"href":"https:\/\/www.europesays.com\/fr\/wp-json\/wp\/v2\/users\/2"}],"replies":[{"embeddable":true,"href":"https:\/\/www.europesays.com\/fr\/wp-json\/wp\/v2\/comments?post=201957"}],"version-history":[{"count":0,"href":"https:\/\/www.europesays.com\/fr\/wp-json\/wp\/v2\/posts\/201957\/revisions"}],"wp:featuredmedia":[{"embeddable":true,"href":"https:\/\/www.europesays.com\/fr\/wp-json\/wp\/v2\/media\/201958"}],"wp:attachment":[{"href":"https:\/\/www.europesays.com\/fr\/wp-json\/wp\/v2\/media?parent=201957"}],"wp:term":[{"taxonomy":"category","embeddable":true,"href":"https:\/\/www.europesays.com\/fr\/wp-json\/wp\/v2\/categories?post=201957"},{"taxonomy":"post_tag","embeddable":true,"href":"https:\/\/www.europesays.com\/fr\/wp-json\/wp\/v2\/tags?post=201957"}],"curies":[{"name":"wp","href":"https:\/\/api.w.org\/{rel}","templated":true}]}}