{"id":201961,"date":"2025-06-25T00:18:41","date_gmt":"2025-06-25T00:18:41","guid":{"rendered":"https:\/\/www.europesays.com\/fr\/201961\/"},"modified":"2025-06-25T00:18:41","modified_gmt":"2025-06-25T00:18:41","slug":"laxou-patrick-berger-conteur-sinstalle-aux-jardins-citoyens","status":"publish","type":"post","link":"https:\/\/www.europesays.com\/fr\/201961\/","title":{"rendered":"Laxou. Patrick Berger conteur s\u2019installe aux Jardins citoyens"},"content":{"rendered":"<p>Les Laxoviens connaissent Patrick Berger, conteur, qui durant des ann\u00e9es, n\u2019a cess\u00e9 de les envo\u00fbter durant les promenades cont\u00e9es qu\u2019il proposait dans les sentiers de Laxou.<\/p>\n<p>Cette ann\u00e9e, et durant tous les jeudis du mois d\u2019ao\u00fbt, \u00e0 partir de 18\u00a0h, Patrick Berger accueillera les Laxoviens dans le cadre des Jardins Citoyens, l\u2019occasion de leur livrer de jolies histoires, plut\u00f4t fac\u00e9tieuses et po\u00e9tiques, qui mettront en sc\u00e8ne la nature, les plantes, la lune et le soleil\u2026<\/p>\n<p>Des histoires qui trouvent leur racine dans les jardins et adapt\u00e9es \u00e0 tous les publics.<\/p>\n","protected":false},"excerpt":{"rendered":"Les Laxoviens connaissent Patrick Berger, conteur, qui durant des ann\u00e9es, n\u2019a cess\u00e9 de les envo\u00fbter durant les promenades&hellip;\n","protected":false},"author":2,"featured_media":201962,"comment_status":"","ping_status":"","sticky":false,"template":"","format":"standard","meta":{"footnotes":""},"categories":[9635],"tags":[1111,11,7782,1687,1704,1777,674,1011,27,775,10426,10262,1702,12,25],"class_list":{"0":"post-201961","1":"post","2":"type-post","3":"status-publish","4":"format-standard","5":"has-post-thumbnail","7":"category-nancy","8":"tag-actu","9":"tag-actualites","10":"tag-balades-et-randonnees","11":"tag-culture-loisirs","12":"tag-edition-nancy-et-agglomeration","13":"tag-eu","14":"tag-europe","15":"tag-fr","16":"tag-france","17":"tag-grand-est","18":"tag-laxou","19":"tag-metropole-du-grand-nancy-54b5","20":"tag-nancy","21":"tag-news","22":"tag-republique-francaise"},"share_on_mastodon":{"url":"https:\/\/pubeurope.com\/@fr\/114741136792471810","error":""},"_links":{"self":[{"href":"https:\/\/www.europesays.com\/fr\/wp-json\/wp\/v2\/posts\/201961","targetHints":{"allow":["GET"]}}],"collection":[{"href":"https:\/\/www.europesays.com\/fr\/wp-json\/wp\/v2\/posts"}],"about":[{"href":"https:\/\/www.europesays.com\/fr\/wp-json\/wp\/v2\/types\/post"}],"author":[{"embeddable":true,"href":"https:\/\/www.europesays.com\/fr\/wp-json\/wp\/v2\/users\/2"}],"replies":[{"embeddable":true,"href":"https:\/\/www.europesays.com\/fr\/wp-json\/wp\/v2\/comments?post=201961"}],"version-history":[{"count":0,"href":"https:\/\/www.europesays.com\/fr\/wp-json\/wp\/v2\/posts\/201961\/revisions"}],"wp:featuredmedia":[{"embeddable":true,"href":"https:\/\/www.europesays.com\/fr\/wp-json\/wp\/v2\/media\/201962"}],"wp:attachment":[{"href":"https:\/\/www.europesays.com\/fr\/wp-json\/wp\/v2\/media?parent=201961"}],"wp:term":[{"taxonomy":"category","embeddable":true,"href":"https:\/\/www.europesays.com\/fr\/wp-json\/wp\/v2\/categories?post=201961"},{"taxonomy":"post_tag","embeddable":true,"href":"https:\/\/www.europesays.com\/fr\/wp-json\/wp\/v2\/tags?post=201961"}],"curies":[{"name":"wp","href":"https:\/\/api.w.org\/{rel}","templated":true}]}}