{"id":202019,"date":"2025-06-25T00:54:11","date_gmt":"2025-06-25T00:54:11","guid":{"rendered":"https:\/\/www.europesays.com\/fr\/202019\/"},"modified":"2025-06-25T00:54:11","modified_gmt":"2025-06-25T00:54:11","slug":"volodymyr-zelensky-demande-a-lotan-dinvestir-davantage-dans-la-defense-de-lukraine","status":"publish","type":"post","link":"https:\/\/www.europesays.com\/fr\/202019\/","title":{"rendered":"Volodymyr Zelensky demande \u00e0 l&rsquo;OTAN d&rsquo;investir d&rsquo;avantage dans la d\u00e9fense de l&rsquo;Ukraine"},"content":{"rendered":"<p><img decoding=\"async\" class=\"c-ad__placeholder__logo\" src=\"https:\/\/static.euronews.com\/website\/images\/logos\/logo-euronews-grey-6-180x22.svg\" width=\"180\" height=\"22\" alt=\"\" loading=\"lazy\"\/>PUBLICIT\u00c9<\/p>\n<p>Pour aider l&rsquo;Ukraine \u00e0 se prot\u00e9ger et \u00e0 prot\u00e9ger l&rsquo;Europe, les pays occidentaux et les entreprises de d\u00e9fense devraient <strong>accro\u00eetre leurs investissements dans le secteur ukrainien de la d\u00e9fense<\/strong> et redoubler d&rsquo;efforts pour s&rsquo;assurer que leurs composants ne finissent pas dans les syst\u00e8mes d&rsquo;armes russes, a d\u00e9clar\u00e9 mardi Volodymyr Zelensky.<\/p>\n<p>S&rsquo;exprimant depuis La Haye o\u00f9 les dirigeants de l&rsquo;OTAN sont r\u00e9unis, le pr\u00e9sident ukrainien a d\u00e9clar\u00e9 que le secteur de la d\u00e9fense du pays d\u00e9chir\u00e9 par la guerre est capable de <strong>produire beaucoup plus<\/strong> qu&rsquo;il ne le fait actuellement, mais qu&rsquo;il est limit\u00e9 par le manque de financement.<\/p>\n<p>\u00ab\u00a0Notre potentiel de production dans le domaine de la d\u00e9fense d\u00e9passe les 35 milliards de dollars\u00a0\u00bb, a d\u00e9clar\u00e9 Volodymyr Zelensky lors du Forum de l&rsquo;industrie de la d\u00e9fense de l&rsquo;OTAN. Le pays produit en effet plus de <strong>1 000 types d&rsquo;armes,<\/strong> dont des pi\u00e8ces d&rsquo;artillerie, des v\u00e9hicules blind\u00e9s, des drones et des missiles.<\/p>\n<p>\u00ab\u00a0Mais environ 40 % de ce potentiel ne b\u00e9n\u00e9ficie pas d&rsquo;un financement ad\u00e9quat. C&rsquo;est un probl\u00e8me. Par exemple, nous pouvons produire plus de huit millions de drones de diff\u00e9rents types chaque ann\u00e9e, mais le financement permet d&rsquo;en produire beaucoup moins.\u00a0\u00bb<\/p>\n<p>\u00ab\u00a0Nous sommes ouverts \u00e0 diverses formes de coop\u00e9ration dans le secteur de la d\u00e9fense, y compris le partage de notre expertise et de nos r\u00e9alisations avec ceux qui nous aident le plus (&#8230;) Veuillez augmenter vos investissements en Ukraine dans la production conjointe d&rsquo;armes\u00a0\u00bb, a-t-il ajout\u00e9.<\/p>\n<p>L&rsquo;Ukraine, un partenaire \u00e9gal<\/p>\n<p>Les dirigeants de l&rsquo;Alliance se r\u00e9unissent mercredi pour une session de travail au cours de laquelle ils doivent confirmer leur engagement \u00e0 <strong>relever l&rsquo;objectif des d\u00e9penses de d\u00e9fense<\/strong> de l&rsquo;OTAN de son objectif actuel <a href=\"https:\/\/fr.euronews.com\/2025\/06\/23\/les-32-pays-membres-de-lotan-sengagent-a-consacrer-5-de-leur-pib-a-la-defense-a-la-veille-\" target=\"_blank\" rel=\"noopener\"><strong>de 2 % du PIB \u00e0 5 %.<\/strong><\/a><\/p>\n<p>Le pr\u00e9sident am\u00e9ricain Donald Trump a r\u00e9clam\u00e9 ce chiffre apr\u00e8s avoir fustig\u00e9 les alli\u00e9s europ\u00e9ens pour ne <strong>pas avoir d\u00e9pens\u00e9 suffisamment pour leur propre d\u00e9fense<\/strong> et avoir jet\u00e9 le doute sur l&rsquo;engagement \u00e0 long terme de Washington en faveur de la s\u00e9curit\u00e9 europ\u00e9enne.<\/p>\n<p>Volodymyr Zelensky, qui a fait remarquer que la Russie continue de financer son agression gr\u00e2ce aux revenus qu&rsquo;elle tire des <strong>exportations de p\u00e9trole<\/strong>, a d\u00e9clar\u00e9 que ce nouveau chiffre \u00e9tait \u00ab\u00a0le bon niveau\u00a0\u00bb.<\/p>\n<p>\u00ab\u00a0Les pays europ\u00e9ens doivent augmenter leurs d\u00e9penses de d\u00e9fense\u00a0\u00bb, a-t-il d\u00e9clar\u00e9. \u00ab\u00a0Une Europe unie peut cr\u00e9er une capacit\u00e9 de d\u00e9fense qui d\u00e9truira l&rsquo;illusion de la Russie selon laquelle une guerre avec l&rsquo;Europe pourrait lui apporter quoi que ce soit.\u00a0\u00bb<\/p>\n<p>Les alli\u00e9s ont consid\u00e9rablement augment\u00e9 leurs d\u00e9penses de d\u00e9fense depuis que la Russie a lanc\u00e9 son invasion \u00e0 grande \u00e9chelle en 2022. L&rsquo;UE a r\u00e9cemment pr\u00e9sent\u00e9 un nouveau plan visant \u00e0 <strong>stimuler la production et le d\u00e9ploiement de capacit\u00e9s de d\u00e9fense<\/strong> avant 2030, qu&rsquo;elle estime \u00e0 800 milliards d&rsquo;euros.<\/p>\n<p>Ce plan comprend un programme de <strong>pr\u00eat de 150 milliards d&rsquo;euros<\/strong> destin\u00e9 \u00e0 faciliter les achats conjoints, qui est \u00e9galement ouvert \u00e0 l&rsquo;Ukraine.<\/p>\n<p>Volodymyr Zelensky a salu\u00e9 cette initiative, ajoutant qu'\u00a0\u00bbil est important de garder \u00e0 l&rsquo;esprit que l&rsquo;Ukraine est un partenaire \u00e0 part enti\u00e8re de ce programme, ce qui signifie que la garantie de la s\u00e9curit\u00e9 est notre cause commune\u00a0\u00bb.<\/p>\n<p>Un crime contre la paix<\/p>\n<p>Mais il a \u00e9galement soulign\u00e9 que si la Russie re\u00e7oit l&rsquo;aide de l&rsquo;Iran, de la Cor\u00e9e du Nord et de certaines entreprises chinoises pour infliger des dommages \u00e0 l&rsquo;Ukraine, elle est \u00e9galement e<strong>n mesure d&rsquo;obtenir des \u00e9quipements fabriqu\u00e9s en Occident<\/strong>.<\/p>\n<p>\u00ab\u00a0Veillez \u00e0 ce que vos pays et vos entreprises n&rsquo;aident pas la Russie ou ses amis de quelque mani\u00e8re que ce soit,\u00a0\u00bb a averti le pr\u00e9sident ukrainien. \u00ab\u00a0C&rsquo;est vraiment crucial et il n&rsquo;y a pas d&rsquo;arme russe importante aujourd&rsquo;hui qui soit produite sans composants, sans \u00e9quipements ou mat\u00e9riaux provenant d&rsquo;autres pays, y compris malheureusement d&rsquo;Europe et de l&rsquo;OTAN. Cela doit cesser.\u00a0\u00bb<\/p>\n<p>\u00ab\u00a0Chaque composant ou machine-outil livr\u00e9 au secteur de la d\u00e9fense russe contribue \u00e0 prolonger la guerre et constitue un crime contre la paix\u00a0\u00bb, a-t-il ajout\u00e9.<\/p>\n<p>L&rsquo;UE a impos\u00e9 <strong>17 trains de sanctions<\/strong> \u00e0 la Russie pour son invasion afin de la priver des moyens de la financer, mais le contournement, en particulier pour les composants ou les \u00e9quipements \u00e0 usage civil et militaire, a pos\u00e9 probl\u00e8me.<\/p>\n<p>L&rsquo;Union europ\u00e9enne travaille actuellement sur un 18e train de mesures visant \u00e0 serrer davantage la vis aux <strong>secteurs \u00e9nerg\u00e9tique et financier<\/strong> de Moscou. Les dirigeants devraient en discuter lors de leur sommet de jeudi, auquel Volodymyr Zelensky participera \u00e9galement bri\u00e8vement.<\/p>\n<p>Mais l&rsquo;Ukraine n&rsquo;est que <strong>bri\u00e8vement mentionn\u00e9e<\/strong> dans la d\u00e9claration conjointe sur laquelle les dirigeants de l&rsquo;OTAN devraient se mettre d&rsquo;accord mercredi, sans que soit r\u00e9p\u00e9t\u00e9e la \u00ab\u00a0voie irr\u00e9versible\u00a0\u00bb vers l&rsquo;adh\u00e9sion qui figurait dans la d\u00e9claration de 2024.<\/p>\n<p>\u00c0 Bruxelles, la Hongrie continue de <strong>bloquer les progr\u00e8s<\/strong> de la <a href=\"https:\/\/fr.euronews.com\/my-europe\/2025\/03\/06\/lukraine-nest-pas-prete-a-rejoindre-lotan-ou-lue-declare-juncker\" target=\"_blank\" rel=\"noopener\"><strong>candidature d&rsquo;adh\u00e9sion<\/strong><\/a>de l&rsquo;Ukraine et l&rsquo;ouverture du premier groupe de n\u00e9gociations, malgr\u00e9 l&rsquo;approbation de la Commission europ\u00e9enne.<\/p>\n<p>Un haut fonctionnaire de l&rsquo;UE a d\u00e9clar\u00e9 que les conclusions des dirigeants sur l&rsquo;Ukraine ne devraient donc <strong>pas \u00eatre approuv\u00e9es \u00e0 l&rsquo;unanimit\u00e9<\/strong>, mais par 26 \u00c9tats membres, ce qui a moins de poids \u00e9tant donn\u00e9 que la plupart des d\u00e9cisions relatives \u00e0 l&rsquo;\u00e9largissement et aux Affaires \u00e9trang\u00e8res dans l&rsquo;UE doivent \u00eatre approuv\u00e9es \u00e0 l&rsquo;unanimit\u00e9.<\/p>\n","protected":false},"excerpt":{"rendered":"PUBLICIT\u00c9 Pour aider l&rsquo;Ukraine \u00e0 se prot\u00e9ger et \u00e0 prot\u00e9ger l&rsquo;Europe, les pays occidentaux et les entreprises de&hellip;\n","protected":false},"author":2,"featured_media":202020,"comment_status":"","ping_status":"","sticky":false,"template":"","format":"standard","meta":{"footnotes":""},"categories":[1590],"tags":[11,554,1777,674,12,136,132,220,134],"class_list":{"0":"post-202019","1":"post","2":"type-post","3":"status-publish","4":"format-standard","5":"has-post-thumbnail","7":"category-ukraine","8":"tag-actualites","9":"tag-defense","10":"tag-eu","11":"tag-europe","12":"tag-news","13":"tag-otan","14":"tag-russie","15":"tag-ukraine","16":"tag-volodymyr-zelensky"},"share_on_mastodon":{"url":"https:\/\/pubeurope.com\/@fr\/114741278382602142","error":""},"_links":{"self":[{"href":"https:\/\/www.europesays.com\/fr\/wp-json\/wp\/v2\/posts\/202019","targetHints":{"allow":["GET"]}}],"collection":[{"href":"https:\/\/www.europesays.com\/fr\/wp-json\/wp\/v2\/posts"}],"about":[{"href":"https:\/\/www.europesays.com\/fr\/wp-json\/wp\/v2\/types\/post"}],"author":[{"embeddable":true,"href":"https:\/\/www.europesays.com\/fr\/wp-json\/wp\/v2\/users\/2"}],"replies":[{"embeddable":true,"href":"https:\/\/www.europesays.com\/fr\/wp-json\/wp\/v2\/comments?post=202019"}],"version-history":[{"count":0,"href":"https:\/\/www.europesays.com\/fr\/wp-json\/wp\/v2\/posts\/202019\/revisions"}],"wp:featuredmedia":[{"embeddable":true,"href":"https:\/\/www.europesays.com\/fr\/wp-json\/wp\/v2\/media\/202020"}],"wp:attachment":[{"href":"https:\/\/www.europesays.com\/fr\/wp-json\/wp\/v2\/media?parent=202019"}],"wp:term":[{"taxonomy":"category","embeddable":true,"href":"https:\/\/www.europesays.com\/fr\/wp-json\/wp\/v2\/categories?post=202019"},{"taxonomy":"post_tag","embeddable":true,"href":"https:\/\/www.europesays.com\/fr\/wp-json\/wp\/v2\/tags?post=202019"}],"curies":[{"name":"wp","href":"https:\/\/api.w.org\/{rel}","templated":true}]}}