{"id":202021,"date":"2025-06-25T00:55:10","date_gmt":"2025-06-25T00:55:10","guid":{"rendered":"https:\/\/www.europesays.com\/fr\/202021\/"},"modified":"2025-06-25T00:55:10","modified_gmt":"2025-06-25T00:55:10","slug":"usa-un-condamne-a-mort-execute-en-floride","status":"publish","type":"post","link":"https:\/\/www.europesays.com\/fr\/202021\/","title":{"rendered":"USA: un condamn\u00e9 \u00e0 mort ex\u00e9cut\u00e9 en Floride"},"content":{"rendered":"<p class=\"ap-StoryElement ap-StoryElement--mb ap-StoryText\">Thomas Gudinas, 51 ans, avait \u00e9t\u00e9 condamn\u00e9 \u00e0 mort pour le viol et le meurtre en 1994 d&rsquo;une femme, Michelle McGrath.<\/p>\n<p class=\"ap-StoryElement ap-StoryElement--mb ap-StoryText\">Un autre homme, Richard Jordan, 79 ans, doit \u00eatre ex\u00e9cut\u00e9 mercredi dans le Mississippi, \u00e9galement par injection l\u00e9tale, apr\u00e8s 48 ans dans le couloir de la mort.<\/p>\n<p class=\"ap-StoryElement ap-StoryElement--mb ap-StoryText\">Il avait \u00e9t\u00e9 condamn\u00e9 \u00e0 la peine capitale pour l&rsquo;enl\u00e8vement et le meurtre en 1976 d&rsquo;Edwina Marter, 34 ans, l&rsquo;\u00e9pouse d&rsquo;un dirigeant de banque.<\/p>\n<p class=\"ap-StoryElement ap-StoryElement--mb ap-StoryText\">Il s&rsquo;agira de la premi\u00e8re ex\u00e9cution au Mississippi depuis deux ans et demi, la pr\u00e9c\u00e9dente remontant \u00e0 d\u00e9cembre 2022.<\/p>\n","protected":false},"excerpt":{"rendered":"Thomas Gudinas, 51 ans, avait \u00e9t\u00e9 condamn\u00e9 \u00e0 mort pour le viol et le meurtre en 1994 d&rsquo;une&hellip;\n","protected":false},"author":2,"featured_media":2837,"comment_status":"","ping_status":"","sticky":false,"template":"","format":"standard","meta":{"footnotes":""},"categories":[1589],"tags":[11,27755,73,1866,303,12,1864,1865,1863,308],"class_list":{"0":"post-202021","1":"post","2":"type-post","3":"status-publish","4":"format-standard","5":"has-post-thumbnail","7":"category-etats-unis","8":"tag-actualites","9":"tag-ddh","10":"tag-etats-unis","11":"tag-etats-unis-damerique","12":"tag-justice","13":"tag-news","14":"tag-united-states","15":"tag-united-states-of-america","16":"tag-us","17":"tag-usa"},"share_on_mastodon":{"url":"https:\/\/pubeurope.com\/@fr\/114741282522593770","error":""},"_links":{"self":[{"href":"https:\/\/www.europesays.com\/fr\/wp-json\/wp\/v2\/posts\/202021","targetHints":{"allow":["GET"]}}],"collection":[{"href":"https:\/\/www.europesays.com\/fr\/wp-json\/wp\/v2\/posts"}],"about":[{"href":"https:\/\/www.europesays.com\/fr\/wp-json\/wp\/v2\/types\/post"}],"author":[{"embeddable":true,"href":"https:\/\/www.europesays.com\/fr\/wp-json\/wp\/v2\/users\/2"}],"replies":[{"embeddable":true,"href":"https:\/\/www.europesays.com\/fr\/wp-json\/wp\/v2\/comments?post=202021"}],"version-history":[{"count":0,"href":"https:\/\/www.europesays.com\/fr\/wp-json\/wp\/v2\/posts\/202021\/revisions"}],"wp:featuredmedia":[{"embeddable":true,"href":"https:\/\/www.europesays.com\/fr\/wp-json\/wp\/v2\/media\/2837"}],"wp:attachment":[{"href":"https:\/\/www.europesays.com\/fr\/wp-json\/wp\/v2\/media?parent=202021"}],"wp:term":[{"taxonomy":"category","embeddable":true,"href":"https:\/\/www.europesays.com\/fr\/wp-json\/wp\/v2\/categories?post=202021"},{"taxonomy":"post_tag","embeddable":true,"href":"https:\/\/www.europesays.com\/fr\/wp-json\/wp\/v2\/tags?post=202021"}],"curies":[{"name":"wp","href":"https:\/\/api.w.org\/{rel}","templated":true}]}}